{"id":261,"date":"2016-02-17T20:52:35","date_gmt":"2016-02-17T23:52:35","guid":{"rendered":"http:\/\/paulaibanez.cl\/aromasdeluna\/?p=261"},"modified":"2020-07-16T16:49:07","modified_gmt":"2020-07-16T20:49:07","slug":"el-olvido-de-las-cosas-importantes-y-las-no-tanto","status":"publish","type":"post","link":"https:\/\/paulaibanez.cl\/blog\/el-olvido-de-las-cosas-importantes-y-las-no-tanto\/","title":{"rendered":"El olvido de las cosas importantes y las no tanto"},"content":{"rendered":"<p><a href=\"https:\/\/i0.wp.com\/paulaibanez.cl\/aromasdeluna\/wp-content\/uploads\/2016\/02\/olvido.png\" rel=\"attachment wp-att-262\"><img data-recalc-dims=\"1\" loading=\"lazy\" decoding=\"async\" data-attachment-id=\"262\" data-permalink=\"https:\/\/paulaibanez.cl\/blog\/el-olvido-de-las-cosas-importantes-y-las-no-tanto\/olvido\/\" data-orig-file=\"https:\/\/i0.wp.com\/paulaibanez.cl\/blog\/wp-content\/uploads\/2016\/02\/olvido.png?fit=430%2C642&amp;ssl=1\" data-orig-size=\"430,642\" data-comments-opened=\"1\" data-image-meta=\"{&quot;aperture&quot;:&quot;0&quot;,&quot;credit&quot;:&quot;&quot;,&quot;camera&quot;:&quot;&quot;,&quot;caption&quot;:&quot;&quot;,&quot;created_timestamp&quot;:&quot;0&quot;,&quot;copyright&quot;:&quot;&quot;,&quot;focal_length&quot;:&quot;0&quot;,&quot;iso&quot;:&quot;0&quot;,&quot;shutter_speed&quot;:&quot;0&quot;,&quot;title&quot;:&quot;&quot;,&quot;orientation&quot;:&quot;0&quot;}\" data-image-title=\"El olvido de las cosas importantes y las no tanto\" data-image-description=\"\" data-image-caption=\"\" data-large-file=\"https:\/\/i0.wp.com\/paulaibanez.cl\/blog\/wp-content\/uploads\/2016\/02\/olvido.png?fit=430%2C642&amp;ssl=1\" class=\"lazyload size-medium wp-image-262 alignright\" src=\"https:\/\/i0.wp.com\/paulaibanez.cl\/aromasdeluna\/wp-content\/uploads\/2016\/02\/olvido-201x300.png?resize=201%2C300\" data-orig-src=\"http:\/\/paulaibanez.cl\/aromasdeluna\/wp-content\/uploads\/2016\/02\/olvido-201x300.png\" alt=\"El olvido de las cosas importantes y las no tanto\" width=\"201\" height=\"300\" srcset=\"data:image\/svg+xml,%3Csvg%20xmlns%3D%27http%3A%2F%2Fwww.w3.org%2F2000%2Fsvg%27%20width%3D%27201%27%20height%3D%27300%27%20viewBox%3D%270%200%20201%20300%27%3E%3Crect%20width%3D%27201%27%20height%3D%273300%27%20fill-opacity%3D%220%22%2F%3E%3C%2Fsvg%3E\" data-srcset=\"https:\/\/i0.wp.com\/paulaibanez.cl\/blog\/wp-content\/uploads\/2016\/02\/olvido.png?resize=201%2C300&amp;ssl=1 201w, https:\/\/i0.wp.com\/paulaibanez.cl\/blog\/wp-content\/uploads\/2016\/02\/olvido.png?fit=430%2C642&amp;ssl=1 430w\" data-sizes=\"auto\" data-orig-sizes=\"auto, (max-width: 201px) 100vw, 201px\" \/><\/a><\/p>\n<p>\u00bfTe ha pasado que te piden entregar un informe o que devuelvas una llamada de tel\u00e9fono a una persona y lo olvidas? O que no recuerdas una fecha importante como un aniversario o el cumplea\u00f1os de tu mam\u00e1 (muchas madres lamentablemente no tienen Facebook, que ayuda recordando con las notificaciones). El olvido de todas las actividades diarias, que incluso no las anotas, puede ser una de las consecuencias del estr\u00e9s cr\u00f3nico. El gran enemigo moderno de las organizaciones y de la salud de las personas.<!--more--><\/p>\n<p>El cerebro se desarroll\u00f3, hace miles de a\u00f1os, en un ambiente salvaje, amplios espacios, donde los enemigos y los desencadenantes de estr\u00e9s eran animales que nos quer\u00edan comer. El estr\u00e9s es un sistema agudo de respuesta que permite preparar el cuerpo para luchar o arrancar de alguna amenaza: Su efecto tiene una corta duraci\u00f3n en el cuerpo.<\/p>\n<p>Los seres humanos no estamos adaptados para el estr\u00e9s cr\u00f3nico, a constantes se\u00f1ales de peligro que son liberadas en el cuerpo por malos ambientes, largas jornadas laborales, extensas horas en el transporte p\u00fablico o atrapados en una congesti\u00f3n, una mala relaci\u00f3n de pareja, conflictos con los hijos o amigos. Esto hace que se liberen en el cuerpo glucocorticoides, como dec\u00eda antes, efectos beneficiosos a corto plazo, pero su liberaci\u00f3n de manera prolongada en el tiempo puede producir da\u00f1o neuronal, con el consecuente olvido de cosas. Se produce un perjuicio en la zona del hipocampo, \u00e1rea relacionada con el aprendizaje, provocando recuerdos pobres, incluso de gratos momentos.<\/p>\n<p>Carlos Herreros en su libro de Neuromanagement menciona que adultos con altos niveles de estr\u00e9s, pueden tener hasta un 50% inferior de desempe\u00f1o en ciertos test cognitivos, en comparaci\u00f3n con personas sin estr\u00e9s. Todo esto lleva a grandes p\u00e9rdidas financieras para las empresas.<\/p>\n<p>Por lo tanto invertir en un plan de gesti\u00f3n del estr\u00e9s, es \u00a0la mejor inversi\u00f3n que puede hacer una organizaci\u00f3n, personas concentradas, sin olvidos, enfocadas en sus labores diarias \u00a0y trabajan mejor.<\/p>\n<p>Si crees que tus olvidos pueden deberse a estr\u00e9s cr\u00f3nico, te sugiero escribir todas las tareas diarias apenas te las solicitan o nacen como necesidad, de manera de no agotar la memoria de trabajo, que es muy limitada y se fatiga r\u00e1pidamente.<\/p>\n<p>Meditar media hora al d\u00eda, he repetido en varios post de mi blog, sus efectos beneficiosos en la gesti\u00f3n del estr\u00e9s y por supuesto, uno de mis grandes aliados, usar aceites esenciales. Sus beneficios no son solo individuales, sino que abarcan a todos los que se encuentran en cierta \u00e1rea, debido a que se diseminan en los espacios compartidos.<\/p>\n<p>Aunque me gustan muchos aceites, definitivamente para las oficinas, tengo inclinaci\u00f3n hacia los aromas c\u00edtricos como lim\u00f3n, Lemongrass, mandarina, ya que alegran tambi\u00e9n, no solo se enfocan en el estr\u00e9s. Siempre colocarlos en un difusor el\u00e9ctrico, m\u00e1s seguro.<\/p>\n<p>&nbsp;<\/p>\n","protected":false},"excerpt":{"rendered":"<p>\u00bfTe ha pasado que te piden entregar un informe o que devuelvas una llamada de tel\u00e9fono a una persona y lo olvidas? O que no recuerdas una fecha importante como un aniversario o el cumplea\u00f1os de tu mam\u00e1 (muchas madres lamentablemente no tienen Facebook, que ayuda recordando con las notificaciones). El olvido de todas las actividades diarias, que incluso no las [&hellip;]<\/p>\n","protected":false},"author":3,"featured_media":0,"comment_status":"open","ping_status":"open","sticky":false,"template":"","format":"standard","meta":{"jetpack_post_was_ever_published":false,"_jetpack_newsletter_access":"","_jetpack_dont_email_post_to_subs":true,"_jetpack_newsletter_tier_id":0,"_jetpack_memberships_contains_paywalled_content":false,"_jetpack_memberships_contains_paid_content":false,"footnotes":"","jetpack_publicize_message":"","jetpack_publicize_feature_enabled":true,"jetpack_social_post_already_shared":true,"jetpack_social_options":{"image_generator_settings":{"template":"highway","default_image_id":0,"font":"","enabled":false},"version":2}},"categories":[102],"tags":[5,15,84,155,79,20,153,152,100,34,154,69,157,156],"class_list":["post-261","post","type-post","status-publish","format-standard","hentry","category-recursos-humanos","tag-aceites-esenciales","tag-aromaterapia","tag-cerebro","tag-citricos","tag-difusor","tag-estres","tag-glucorticoides","tag-hipocampo","tag-lemongrass","tag-limon","tag-lista","tag-mandarina","tag-olvido","tag-pregfrontal"],"aioseo_notices":[],"jetpack_publicize_connections":[],"jetpack_featured_media_url":"","jetpack_sharing_enabled":true,"jetpack_shortlink":"https:\/\/wp.me\/p6aqPL-4d","jetpack-related-posts":[{"id":91,"url":"https:\/\/paulaibanez.cl\/blog\/manejo-de-estres-en-las-organizaciones\/","url_meta":{"origin":261,"position":0},"title":"Manejo de estr\u00e9s en las organizaciones","author":"Paula Iba\u00f1ez","date":"31 mayo, 2015","format":false,"excerpt":"Hay muchos mitos en relaci\u00f3n al estr\u00e9s, sin tener claro qu\u00e9 es, ni c\u00f3mo enfrentarlo. El estr\u00e9s, no es algo malo, es una estrategia adaptativa del cuerpo El estr\u00e9s sucede cuando el cerebro est\u00e1 siendo expuesto a conflictos, exceso de trabajo, exigencias que superan la etapa en que una persona\u2026","rel":"","context":"En \u00abequipos alto rendimiento\u00bb","block_context":{"text":"equipos alto rendimiento","link":"https:\/\/paulaibanez.cl\/blog\/category\/equipos-alto-rendimiento\/"},"img":{"alt_text":"Gesti\u00f3n de estr\u00e9s","src":"https:\/\/i0.wp.com\/paulaibanez.cl\/blog\/wp-content\/uploads\/2015\/05\/1.jpg?fit=1200%2C960&ssl=1&resize=350%2C200","width":350,"height":200,"srcset":"https:\/\/i0.wp.com\/paulaibanez.cl\/blog\/wp-content\/uploads\/2015\/05\/1.jpg?fit=1200%2C960&ssl=1&resize=350%2C200 1x, https:\/\/i0.wp.com\/paulaibanez.cl\/blog\/wp-content\/uploads\/2015\/05\/1.jpg?fit=1200%2C960&ssl=1&resize=525%2C300 1.5x, https:\/\/i0.wp.com\/paulaibanez.cl\/blog\/wp-content\/uploads\/2015\/05\/1.jpg?fit=1200%2C960&ssl=1&resize=700%2C400 2x, https:\/\/i0.wp.com\/paulaibanez.cl\/blog\/wp-content\/uploads\/2015\/05\/1.jpg?fit=1200%2C960&ssl=1&resize=1050%2C600 3x"},"classes":[]},{"id":229,"url":"https:\/\/paulaibanez.cl\/blog\/nos-desconectamos-en-vacaciones\/","url_meta":{"origin":261,"position":1},"title":"\u00bfNos desconectamos en vacaciones?","author":"Paula Iba\u00f1ez","date":"31 enero, 2016","format":false,"excerpt":"Si quieres descansar de las redes sociales, de los mails, puedes buscar un lugar alejado sin internet o colocar tu celular en modo avi\u00f3n. Para liberarte de la congesti\u00f3n vehicular y la aglomeraci\u00f3n de personas, buscas un sitio aislado, poco visitado \u00bfEste privilegio lo tiene tu cerebro? \u00bfPuede tan f\u00e1cilmente\u2026","rel":"","context":"En \u00abRecursos Humanos\u00bb","block_context":{"text":"Recursos Humanos","link":"https:\/\/paulaibanez.cl\/blog\/category\/recursos-humanos\/"},"img":{"alt_text":"\u00bfNos desconectamos en vacaciones?","src":"https:\/\/i0.wp.com\/paulaibanez.cl\/aromasdeluna\/wp-content\/uploads\/2016\/01\/Blog-Paula-37-222x300.png?resize=350%2C200","width":350,"height":200},"classes":[]},{"id":216,"url":"https:\/\/paulaibanez.cl\/blog\/como-tomar-las-mejores-decisiones-neurociencia-aplicada-a-las-organizaciones\/","url_meta":{"origin":261,"position":2},"title":"C\u00f3mo tomar las mejores decisiones: Neurociencia aplicada a las organizaciones","author":"Paula Iba\u00f1ez","date":"19 enero, 2016","format":false,"excerpt":"En la realidad del d\u00eda de hoy, donde los cambios y los eventos inesperados son parte de las rutinas en las empresas y de la vida diaria de las personas, los aportes que hicieron algunos modelos de gesti\u00f3n, liderazgo, con f\u00f3rmulas orientadas a encontrar las soluciones en el afuera, necesitan\u2026","rel":"","context":"En \u00abRecursos Humanos\u00bb","block_context":{"text":"Recursos Humanos","link":"https:\/\/paulaibanez.cl\/blog\/category\/recursos-humanos\/"},"img":{"alt_text":"C\u00f3mo tomar las mejores decisiones: Neurociencia aplicada a las organizaciones","src":"https:\/\/i0.wp.com\/paulaibanez.cl\/aromasdeluna\/wp-content\/uploads\/2016\/01\/Captura-de-pantalla-2015-12-18-a-las-21.05.473-282x300.png?resize=350%2C200","width":350,"height":200},"classes":[]},{"id":305,"url":"https:\/\/paulaibanez.cl\/blog\/ir-mas-alla-de-la-realidad-del-momento\/","url_meta":{"origin":261,"position":3},"title":"Ir M\u00e1s All\u00e1 de la Realidad del Momento","author":"Paula Iba\u00f1ez","date":"6 abril, 2016","format":false,"excerpt":"En ciertos periodos en la vida, cuando todo lo que pasa alrededor de uno pareciera ser negativo, los escenarios no son los esperados, las expectativas no se alcanzan a cumplir, las puertas se cierran una y otra vez. Es el minuto de detenerse, de respirar profundo e ir con la\u2026","rel":"","context":"En \u00abRecursos Humanos\u00bb","block_context":{"text":"Recursos Humanos","link":"https:\/\/paulaibanez.cl\/blog\/category\/recursos-humanos\/"},"img":{"alt_text":"Ir M\u00e1s All\u00e1 de la Realidad del Momento","src":"https:\/\/i0.wp.com\/paulaibanez.cl\/aromasdeluna\/wp-content\/uploads\/2016\/04\/Sin-t%C3%ADtulo-300x230.png?resize=350%2C200","width":350,"height":200},"classes":[]},{"id":257,"url":"https:\/\/paulaibanez.cl\/blog\/ojo-con-lo-que-regalas-para-san-valentine\/","url_meta":{"origin":261,"position":4},"title":"Ojo con lo que regalas para San Valentine","author":"Paula Iba\u00f1ez","date":"14 febrero, 2016","format":false,"excerpt":"El 14 de febrero es un d\u00eda que, para bien o para mal de algunos, se ha instaurado como parte de nuestras costumbres importadas, es una realidad que hay que decidir c\u00f3mo enfrentar. En algunas naciones como Chile, est\u00e1 fuertemente enfocado al \u201cD\u00eda del amor con una pareja\u201d, en cambio,\u2026","rel":"","context":"En \u00abRecursos Humanos\u00bb","block_context":{"text":"Recursos Humanos","link":"https:\/\/paulaibanez.cl\/blog\/category\/recursos-humanos\/"},"img":{"alt_text":"Ojo con lo que regalas para San Valentine","src":"https:\/\/i0.wp.com\/paulaibanez.cl\/aromasdeluna\/wp-content\/uploads\/2016\/02\/valentine-200x300.png?resize=350%2C200","width":350,"height":200},"classes":[]},{"id":433,"url":"https:\/\/paulaibanez.cl\/blog\/confianza-el-arma-secreta-de-los-equipos-exitosos\/","url_meta":{"origin":261,"position":5},"title":"Confianza: el arma secreta de los equipos exitosos","author":"Paula Iba\u00f1ez","date":"11 septiembre, 2020","format":false,"excerpt":"Confianza el arma secreta de equipos exitosos","rel":"","context":"En \u00abcoaching\u00bb","block_context":{"text":"coaching","link":"https:\/\/paulaibanez.cl\/blog\/category\/coaching\/"},"img":{"alt_text":"Confianza el arma secreta de equipos exitosos","src":"https:\/\/i0.wp.com\/paulaibanez.cl\/blog\/wp-content\/uploads\/2020\/09\/13.jpg?fit=1200%2C960&ssl=1&resize=350%2C200","width":350,"height":200,"srcset":"https:\/\/i0.wp.com\/paulaibanez.cl\/blog\/wp-content\/uploads\/2020\/09\/13.jpg?fit=1200%2C960&ssl=1&resize=350%2C200 1x, https:\/\/i0.wp.com\/paulaibanez.cl\/blog\/wp-content\/uploads\/2020\/09\/13.jpg?fit=1200%2C960&ssl=1&resize=525%2C300 1.5x, https:\/\/i0.wp.com\/paulaibanez.cl\/blog\/wp-content\/uploads\/2020\/09\/13.jpg?fit=1200%2C960&ssl=1&resize=700%2C400 2x, https:\/\/i0.wp.com\/paulaibanez.cl\/blog\/wp-content\/uploads\/2020\/09\/13.jpg?fit=1200%2C960&ssl=1&resize=1050%2C600 3x"},"classes":[]}],"jetpack_likes_enabled":true,"_links":{"self":[{"href":"https:\/\/paulaibanez.cl\/blog\/wp-json\/wp\/v2\/posts\/261","targetHints":{"allow":["GET"]}}],"collection":[{"href":"https:\/\/paulaibanez.cl\/blog\/wp-json\/wp\/v2\/posts"}],"about":[{"href":"https:\/\/paulaibanez.cl\/blog\/wp-json\/wp\/v2\/types\/post"}],"author":[{"embeddable":true,"href":"https:\/\/paulaibanez.cl\/blog\/wp-json\/wp\/v2\/users\/3"}],"replies":[{"embeddable":true,"href":"https:\/\/paulaibanez.cl\/blog\/wp-json\/wp\/v2\/comments?post=261"}],"version-history":[{"count":1,"href":"https:\/\/paulaibanez.cl\/blog\/wp-json\/wp\/v2\/posts\/261\/revisions"}],"predecessor-version":[{"id":263,"href":"https:\/\/paulaibanez.cl\/blog\/wp-json\/wp\/v2\/posts\/261\/revisions\/263"}],"wp:attachment":[{"href":"https:\/\/paulaibanez.cl\/blog\/wp-json\/wp\/v2\/media?parent=261"}],"wp:term":[{"taxonomy":"category","embeddable":true,"href":"https:\/\/paulaibanez.cl\/blog\/wp-json\/wp\/v2\/categories?post=261"},{"taxonomy":"post_tag","embeddable":true,"href":"https:\/\/paulaibanez.cl\/blog\/wp-json\/wp\/v2\/tags?post=261"}],"curies":[{"name":"wp","href":"https:\/\/api.w.org\/{rel}","templated":true}]}}