{"id":268,"date":"2016-02-24T08:51:14","date_gmt":"2016-02-24T11:51:14","guid":{"rendered":"http:\/\/paulaibanez.cl\/aromasdeluna\/?p=268"},"modified":"2020-07-16T16:39:50","modified_gmt":"2020-07-16T20:39:50","slug":"invertir-en-tu-cerebro-mejora-tu-salud-y-productividad-laboral","status":"publish","type":"post","link":"https:\/\/paulaibanez.cl\/blog\/invertir-en-tu-cerebro-mejora-tu-salud-y-productividad-laboral\/","title":{"rendered":"Invertir en tu cerebro mejora tu salud y productividad laboral"},"content":{"rendered":"<p style=\"text-align: left;\"><a href=\"https:\/\/i0.wp.com\/paulaibanez.cl\/aromasdeluna\/wp-content\/uploads\/2016\/02\/ivertir.png\" rel=\"attachment wp-att-269\"><img data-recalc-dims=\"1\" loading=\"lazy\" decoding=\"async\" data-attachment-id=\"269\" data-permalink=\"https:\/\/paulaibanez.cl\/blog\/invertir-en-tu-cerebro-mejora-tu-salud-y-productividad-laboral\/ivertir\/\" data-orig-file=\"https:\/\/i0.wp.com\/paulaibanez.cl\/blog\/wp-content\/uploads\/2016\/02\/ivertir.png?fit=428%2C649&amp;ssl=1\" data-orig-size=\"428,649\" data-comments-opened=\"1\" data-image-meta=\"{&quot;aperture&quot;:&quot;0&quot;,&quot;credit&quot;:&quot;&quot;,&quot;camera&quot;:&quot;&quot;,&quot;caption&quot;:&quot;&quot;,&quot;created_timestamp&quot;:&quot;0&quot;,&quot;copyright&quot;:&quot;&quot;,&quot;focal_length&quot;:&quot;0&quot;,&quot;iso&quot;:&quot;0&quot;,&quot;shutter_speed&quot;:&quot;0&quot;,&quot;title&quot;:&quot;&quot;,&quot;orientation&quot;:&quot;0&quot;}\" data-image-title=\"Invertir en tu cerebro mejora tu salud y productividad laboral\" data-image-description=\"\" data-image-caption=\"\" data-large-file=\"https:\/\/i0.wp.com\/paulaibanez.cl\/blog\/wp-content\/uploads\/2016\/02\/ivertir.png?fit=428%2C649&amp;ssl=1\" class=\"lazyload size-medium wp-image-269 alignright\" src=\"https:\/\/i0.wp.com\/paulaibanez.cl\/aromasdeluna\/wp-content\/uploads\/2016\/02\/ivertir-198x300.png?resize=198%2C300\" data-orig-src=\"http:\/\/paulaibanez.cl\/aromasdeluna\/wp-content\/uploads\/2016\/02\/ivertir-198x300.png\" alt=\"Invertir en tu cerebro mejora tu salud y productividad laboral\" width=\"198\" height=\"300\" srcset=\"data:image\/svg+xml,%3Csvg%20xmlns%3D%27http%3A%2F%2Fwww.w3.org%2F2000%2Fsvg%27%20width%3D%27198%27%20height%3D%27300%27%20viewBox%3D%270%200%20198%20300%27%3E%3Crect%20width%3D%27198%27%20height%3D%273300%27%20fill-opacity%3D%220%22%2F%3E%3C%2Fsvg%3E\" data-srcset=\"https:\/\/i0.wp.com\/paulaibanez.cl\/blog\/wp-content\/uploads\/2016\/02\/ivertir.png?resize=198%2C300&amp;ssl=1 198w, https:\/\/i0.wp.com\/paulaibanez.cl\/blog\/wp-content\/uploads\/2016\/02\/ivertir.png?fit=428%2C649&amp;ssl=1 428w\" data-sizes=\"auto\" data-orig-sizes=\"auto, (max-width: 198px) 100vw, 198px\" \/><\/a>En estos tiempos donde la proyecci\u00f3n de vida ha aumentado notoriamente, se busca prolongar tambi\u00e9n la salud del cerebro, se publica diariamente material escrito en la prensa y por internet, sobre los beneficios de hacerlo. Tal como hoy hay una preocupaci\u00f3n frente al cuidado del cuerpo, del nivel del colesterol, del peso, de la glicemia, se debe atender a temprana edad al cerebro, sus efectos son menores cuando ya est\u00e1 deteriorado, la idea es hacerlo antes para tener una reserva Neurocognitiva, que te permita estar en \u00f3ptimas condiciones a pesar de tener una avanzada edad.<!--more--><\/p>\n<p>Con 15 minutos al d\u00eda, 3 a 5 veces a la semana, puede lograrse un mantenimiento del desarrollo cognitivo, ejecutivo y emocional, en que alcanzar\u00eda un alto rendimiento para prosperar en los ambientes en que te desarrollas, permite mayor posibilidad de \u00e9xito en cada etapa de la vida, incluso desde peque\u00f1os. Los efectos se ven desde los pocos d\u00edas de pr\u00e1ctica, pero se debe ser constante.<\/p>\n<p>Principales enemigos de la salud del cerebro son: estr\u00e9s, enfermedades, baja vida social (el cerebro es un \u00f3rgano social), pocos est\u00edmulos desafiantes, lo que hace que no se est\u00e9 desarrollando constantemente, sino m\u00e1s bien deteriorando.<\/p>\n<p>Existen programas en computadoras que permiten desafiar diariamente al cerebro, en particular uso Unobrain, hace 2 a\u00f1os, con excelentes resultados, mejorando mi concentraci\u00f3n, liderazgo emocional y mi rendimiento en mis tareas diarias, que no son pocas. Tiene un muy bajo costo, algo as\u00ed como 50 euros al a\u00f1o. Mi cerebro y las mejoras en mi calidad de vida se merecen la inversi\u00f3n.<\/p>\n<p>A lo anterior hay que agregar ejercicio f\u00edsico. Si el gimnasio no es lo tuyo, puedes cambiarlo por caminar unos 30-45 minutos al d\u00eda, a paso fuerte, tambi\u00e9n ayuda al cerebro, como comenta Luz Mar\u00eda Ibarra, en su libro de gimnasia cerebral: \u201ccomo el ejercicio f\u00edsico fortalece el cuerpo, tambi\u00e9n el ganglio basal, el cerebelo y el cuerpo calloso del cerebro\u201d. Muy necesario para realizar tareas autom\u00e1ticas, como para la relaci\u00f3n de ideas, entre otras. Adem\u00e1s explica: \u201cCuando se realiza en forma coordinada, provoca el incremento de Neurotropina (el factor neuronal natural del crecimiento) y un gran n\u00famero de conexiones entre las neuronas\u201d. Por lo tanto, caminar renueva tu cerebro, ayuda a tener memoria l\u00facida y pensamiento activo. \u00bfQu\u00e9 tal bajarte unos paraderos antes del transporte p\u00fablico y caminar? \u00bfO realizarlo en tu rato de colaci\u00f3n?<\/p>\n<p>Soy una amante del Brainfitness, la ciencia de poner los cerebros en forma, lo estudi\u00e9, lo practico y lo promuevo en todas mis sesiones de coaching y programas de entrenamientos. Los beneficios que veo en mis clientes no dejan de sorprenderme.<\/p>\n<p>As\u00ed que apuntar a tu cerebro al gimnasio.<\/p>\n<p>Ac\u00e1 les dejo un link que explica un poco m\u00e1s.<\/p>\n<div class=\"video-shortcode\"><span class=\"embed-youtube\" style=\"text-align:center; display: block;\"><iframe loading=\"lazy\" class=\"youtube-player\" width=\"1200\" height=\"675\" src=\"https:\/\/www.youtube.com\/embed\/8EiN6116VlY?version=3&#038;rel=1&#038;showsearch=0&#038;showinfo=1&#038;iv_load_policy=1&#038;fs=1&#038;hl=es-ES&#038;autohide=2&#038;wmode=transparent\" allowfullscreen=\"true\" style=\"border:0;\" sandbox=\"allow-scripts allow-same-origin allow-popups allow-presentation allow-popups-to-escape-sandbox\"><\/iframe><\/span><\/div>\n","protected":false},"excerpt":{"rendered":"<p>En estos tiempos donde la proyecci\u00f3n de vida ha aumentado notoriamente, se busca prolongar tambi\u00e9n la salud del cerebro, se publica diariamente material escrito en la prensa y por internet, sobre los beneficios de hacerlo. Tal como hoy hay una preocupaci\u00f3n frente al cuidado del cuerpo, del nivel del colesterol, del peso, de la glicemia, se debe atender a temprana edad [&hellip;]<\/p>\n","protected":false},"author":3,"featured_media":0,"comment_status":"open","ping_status":"open","sticky":false,"template":"","format":"standard","meta":{"jetpack_post_was_ever_published":false,"_jetpack_newsletter_access":"","_jetpack_dont_email_post_to_subs":true,"_jetpack_newsletter_tier_id":0,"_jetpack_memberships_contains_paywalled_content":false,"_jetpack_memberships_contains_paid_content":false,"footnotes":"","jetpack_publicize_message":"","jetpack_publicize_feature_enabled":true,"jetpack_social_post_already_shared":true,"jetpack_social_options":{"image_generator_settings":{"template":"highway","default_image_id":0,"font":"","enabled":false},"version":2}},"categories":[102],"tags":[176,168,84,169,174,172,173,170,113,175,171,177,167],"class_list":["post-268","post","type-post","status-publish","format-standard","hentry","category-recursos-humanos","tag-beneficios","tag-brainfitness","tag-cerebro","tag-cuerpo-calloso","tag-ejercicio","tag-emocional","tag-funcion-ejecutivas","tag-ganglio-nasal","tag-liderazgo","tag-mejoras","tag-neurcognitivo","tag-rendimiento","tag-unobrian"],"aioseo_notices":[],"jetpack_publicize_connections":[],"jetpack_featured_media_url":"","jetpack_sharing_enabled":true,"jetpack_shortlink":"https:\/\/wp.me\/p6aqPL-4k","jetpack-related-posts":[{"id":273,"url":"https:\/\/paulaibanez.cl\/blog\/sindrome-post-vacacional\/","url_meta":{"origin":268,"position":0},"title":"S\u00edndrome post vacacional","author":"Paula Iba\u00f1ez","date":"28 febrero, 2016","format":false,"excerpt":"Para muchos, en estos d\u00edas se acabaron los d\u00edas de sol, relax, levantadas sin prisa y \u201cagotadoras tardes\u201d, donde lo \u00fanico que hab\u00eda que hacer era estar recostados en una reposera leyendo una revista. Ha llegado el momento de incorporarse al trabajo para los adultos. Los ni\u00f1os y los universitarios\u2026","rel":"","context":"En \u00abRecursos Humanos\u00bb","block_context":{"text":"Recursos Humanos","link":"https:\/\/paulaibanez.cl\/blog\/category\/recursos-humanos\/"},"img":{"alt_text":"S\u00edndrome post vacacional","src":"https:\/\/i0.wp.com\/paulaibanez.cl\/aromasdeluna\/wp-content\/uploads\/2016\/02\/sindrome-300x188.png?resize=350%2C200","width":350,"height":200},"classes":[]},{"id":822,"url":"https:\/\/paulaibanez.cl\/blog\/ser-disruptivo-antes-que-te-obliguen-a-serlo\/","url_meta":{"origin":268,"position":1},"title":"Ser disruptivo antes que te obliguen a serlo","author":"Paula Iba\u00f1ez","date":"4 diciembre, 2020","format":false,"excerpt":"Mantener todo igual, sin cambio, ya no es una opcion. Hoy la no acci\u00f3n puede ser una causa de fracaso, todo llama a ser disruptivo, inicia proactivamente. Los escenarios est\u00e1n cambiantes y a un paso muy r\u00e1pido se necesita l\u00edderes con\u00a0mentalidad abierta capaces de crear\u00a0\u00a0el futuro y no esperar a\u2026","rel":"","context":"En \u00abcoaching\u00bb","block_context":{"text":"coaching","link":"https:\/\/paulaibanez.cl\/blog\/category\/coaching\/"},"img":{"alt_text":"Ser disruptivo antes que te obliguen","src":"https:\/\/i0.wp.com\/paulaibanez.cl\/blog\/wp-content\/uploads\/2020\/12\/Captura-de-Pantalla-2020-12-04-a-las-09.07.59.png?fit=632%2C504&ssl=1&resize=350%2C200","width":350,"height":200,"srcset":"https:\/\/i0.wp.com\/paulaibanez.cl\/blog\/wp-content\/uploads\/2020\/12\/Captura-de-Pantalla-2020-12-04-a-las-09.07.59.png?fit=632%2C504&ssl=1&resize=350%2C200 1x, https:\/\/i0.wp.com\/paulaibanez.cl\/blog\/wp-content\/uploads\/2020\/12\/Captura-de-Pantalla-2020-12-04-a-las-09.07.59.png?fit=632%2C504&ssl=1&resize=525%2C300 1.5x"},"classes":[]},{"id":250,"url":"https:\/\/paulaibanez.cl\/blog\/por-que-cuesta-tanto-cambiar-consejos-para-lograrlo\/","url_meta":{"origin":268,"position":2},"title":"\u00bfPor qu\u00e9 cuesta tanto cambiar?: consejos para lograrlo","author":"Paula Iba\u00f1ez","date":"8 febrero, 2016","format":false,"excerpt":"Cambiar, a pesar de sus beneficios, puede ser dif\u00edcil lograrlo, sin considerar acciones que ayuden a disminuir la resistencia natural a ello por el cerebro. Los seres humanos buscamos ser fieles a nosotros mismos y actuar con lo que creemos y valoramos, somos maquinas de fabricaci\u00f3n de significados. \u201cNuestros cerebros\u2026","rel":"","context":"En \u00abcoaching\u00bb","block_context":{"text":"coaching","link":"https:\/\/paulaibanez.cl\/blog\/category\/coaching\/"},"img":{"alt_text":"Por qu\u00e9 cuesta cambiar","src":"https:\/\/i0.wp.com\/paulaibanez.cl\/blog\/wp-content\/uploads\/2016\/02\/Diseno-sin-titulo-2.jpg?fit=1200%2C960&ssl=1&resize=350%2C200","width":350,"height":200,"srcset":"https:\/\/i0.wp.com\/paulaibanez.cl\/blog\/wp-content\/uploads\/2016\/02\/Diseno-sin-titulo-2.jpg?fit=1200%2C960&ssl=1&resize=350%2C200 1x, https:\/\/i0.wp.com\/paulaibanez.cl\/blog\/wp-content\/uploads\/2016\/02\/Diseno-sin-titulo-2.jpg?fit=1200%2C960&ssl=1&resize=525%2C300 1.5x, https:\/\/i0.wp.com\/paulaibanez.cl\/blog\/wp-content\/uploads\/2016\/02\/Diseno-sin-titulo-2.jpg?fit=1200%2C960&ssl=1&resize=700%2C400 2x, https:\/\/i0.wp.com\/paulaibanez.cl\/blog\/wp-content\/uploads\/2016\/02\/Diseno-sin-titulo-2.jpg?fit=1200%2C960&ssl=1&resize=1050%2C600 3x"},"classes":[]},{"id":127,"url":"https:\/\/paulaibanez.cl\/blog\/las-emociones-se-contagian-y-se-gestionan\/","url_meta":{"origin":268,"position":3},"title":"Las emociones se contagian y se gestionan","author":"Paula Iba\u00f1ez","date":"23 junio, 2015","format":false,"excerpt":"Las emociones son contagiosas, impactan a las personas a nuestro alrededor, llegando incluso a alterar la presi\u00f3n sangu\u00ednea y frecuencia card\u00edaca. \u00bfQu\u00e9 son las emociones?, \u00bfHay algunas que son buenas o malas?. \u00bfC\u00f3mo afectan tu trabajo? Existen estilos emocionales \u00bfCu\u00e1l es el tuyo? Las emociones son un sistema de gu\u00eda\u2026","rel":"","context":"En \u00abcoaching\u00bb","block_context":{"text":"coaching","link":"https:\/\/paulaibanez.cl\/blog\/category\/coaching\/"},"img":{"alt_text":"Las emociones se contagian y gestionan","src":"https:\/\/i0.wp.com\/paulaibanez.cl\/blog\/wp-content\/uploads\/2015\/06\/Diseno-sin-titulo-16.jpg?fit=1200%2C960&ssl=1&resize=350%2C200","width":350,"height":200,"srcset":"https:\/\/i0.wp.com\/paulaibanez.cl\/blog\/wp-content\/uploads\/2015\/06\/Diseno-sin-titulo-16.jpg?fit=1200%2C960&ssl=1&resize=350%2C200 1x, https:\/\/i0.wp.com\/paulaibanez.cl\/blog\/wp-content\/uploads\/2015\/06\/Diseno-sin-titulo-16.jpg?fit=1200%2C960&ssl=1&resize=525%2C300 1.5x, https:\/\/i0.wp.com\/paulaibanez.cl\/blog\/wp-content\/uploads\/2015\/06\/Diseno-sin-titulo-16.jpg?fit=1200%2C960&ssl=1&resize=700%2C400 2x, https:\/\/i0.wp.com\/paulaibanez.cl\/blog\/wp-content\/uploads\/2015\/06\/Diseno-sin-titulo-16.jpg?fit=1200%2C960&ssl=1&resize=1050%2C600 3x"},"classes":[]},{"id":224,"url":"https:\/\/paulaibanez.cl\/blog\/reir-quema-calorias-incluso-cuando-trabajas\/","url_meta":{"origin":268,"position":4},"title":"Re\u00edr quema calor\u00edas, incluso cuando trabajas","author":"Paula Iba\u00f1ez","date":"27 enero, 2016","format":false,"excerpt":"Incorporar a equipos laborales o a tu c\u00edrculo \u00edntimo personas motivadas, apasionadas, comprometidas y con un gran sentido del humor es una idea brillante. \u00bfLa raz\u00f3n? Re\u00edr mientras trabajas, compartes con otros, har\u00e1 que m\u00e1s f\u00e1cilmente logres tus objetivos laborales y personales. Adem\u00e1s, se queman calor\u00edas, algo que se agradece,\u2026","rel":"","context":"En \u00abRecursos Humanos\u00bb","block_context":{"text":"Recursos Humanos","link":"https:\/\/paulaibanez.cl\/blog\/category\/recursos-humanos\/"},"img":{"alt_text":"","src":"https:\/\/i0.wp.com\/paulaibanez.cl\/blog\/wp-content\/uploads\/2016\/01\/Blog-Paula-36.png?fit=818%2C642&ssl=1&resize=350%2C200","width":350,"height":200,"srcset":"https:\/\/i0.wp.com\/paulaibanez.cl\/blog\/wp-content\/uploads\/2016\/01\/Blog-Paula-36.png?fit=818%2C642&ssl=1&resize=350%2C200 1x, https:\/\/i0.wp.com\/paulaibanez.cl\/blog\/wp-content\/uploads\/2016\/01\/Blog-Paula-36.png?fit=818%2C642&ssl=1&resize=525%2C300 1.5x, https:\/\/i0.wp.com\/paulaibanez.cl\/blog\/wp-content\/uploads\/2016\/01\/Blog-Paula-36.png?fit=818%2C642&ssl=1&resize=700%2C400 2x"},"classes":[]},{"id":163,"url":"https:\/\/paulaibanez.cl\/blog\/las-conversaciones-y-la-neuroquimica-en-tu-cerebro\/","url_meta":{"origin":268,"position":5},"title":"Las conversaciones y la neuroqu\u00edmica en tu cerebro","author":"Paula Iba\u00f1ez","date":"19 julio, 2015","format":false,"excerpt":"Las conversaciones tienen niveles, no es solo intercambiar palabras los unos con los otros, generan reacciones neuroqu\u00edmicas en el cerebro de los involucrados. Te pueden decir 50 elogios en una semana pero basta que te mencionen una cr\u00edtica; que el informe tiene fallas en las n\u00fameros, que tu\u00a0equipo\u00a0no est\u00e1 alineado\u2026","rel":"","context":"En \u00abcoaching\u00bb","block_context":{"text":"coaching","link":"https:\/\/paulaibanez.cl\/blog\/category\/coaching\/"},"img":{"alt_text":"Las conversaciones y la neuroqu\u00edmica en tu cerebro","src":"https:\/\/i0.wp.com\/paulaibanez.cl\/blog\/wp-content\/uploads\/2015\/07\/Diseno-sin-titulo-21.jpg?fit=1200%2C960&ssl=1&resize=350%2C200","width":350,"height":200,"srcset":"https:\/\/i0.wp.com\/paulaibanez.cl\/blog\/wp-content\/uploads\/2015\/07\/Diseno-sin-titulo-21.jpg?fit=1200%2C960&ssl=1&resize=350%2C200 1x, https:\/\/i0.wp.com\/paulaibanez.cl\/blog\/wp-content\/uploads\/2015\/07\/Diseno-sin-titulo-21.jpg?fit=1200%2C960&ssl=1&resize=525%2C300 1.5x, https:\/\/i0.wp.com\/paulaibanez.cl\/blog\/wp-content\/uploads\/2015\/07\/Diseno-sin-titulo-21.jpg?fit=1200%2C960&ssl=1&resize=700%2C400 2x, https:\/\/i0.wp.com\/paulaibanez.cl\/blog\/wp-content\/uploads\/2015\/07\/Diseno-sin-titulo-21.jpg?fit=1200%2C960&ssl=1&resize=1050%2C600 3x"},"classes":[]}],"jetpack_likes_enabled":true,"_links":{"self":[{"href":"https:\/\/paulaibanez.cl\/blog\/wp-json\/wp\/v2\/posts\/268","targetHints":{"allow":["GET"]}}],"collection":[{"href":"https:\/\/paulaibanez.cl\/blog\/wp-json\/wp\/v2\/posts"}],"about":[{"href":"https:\/\/paulaibanez.cl\/blog\/wp-json\/wp\/v2\/types\/post"}],"author":[{"embeddable":true,"href":"https:\/\/paulaibanez.cl\/blog\/wp-json\/wp\/v2\/users\/3"}],"replies":[{"embeddable":true,"href":"https:\/\/paulaibanez.cl\/blog\/wp-json\/wp\/v2\/comments?post=268"}],"version-history":[{"count":1,"href":"https:\/\/paulaibanez.cl\/blog\/wp-json\/wp\/v2\/posts\/268\/revisions"}],"predecessor-version":[{"id":270,"href":"https:\/\/paulaibanez.cl\/blog\/wp-json\/wp\/v2\/posts\/268\/revisions\/270"}],"wp:attachment":[{"href":"https:\/\/paulaibanez.cl\/blog\/wp-json\/wp\/v2\/media?parent=268"}],"wp:term":[{"taxonomy":"category","embeddable":true,"href":"https:\/\/paulaibanez.cl\/blog\/wp-json\/wp\/v2\/categories?post=268"},{"taxonomy":"post_tag","embeddable":true,"href":"https:\/\/paulaibanez.cl\/blog\/wp-json\/wp\/v2\/tags?post=268"}],"curies":[{"name":"wp","href":"https:\/\/api.w.org\/{rel}","templated":true}]}}