{"id":273,"date":"2016-02-28T07:42:52","date_gmt":"2016-02-28T10:42:52","guid":{"rendered":"http:\/\/paulaibanez.cl\/aromasdeluna\/?p=273"},"modified":"2020-07-16T16:39:41","modified_gmt":"2020-07-16T20:39:41","slug":"sindrome-post-vacacional","status":"publish","type":"post","link":"https:\/\/paulaibanez.cl\/blog\/sindrome-post-vacacional\/","title":{"rendered":"S\u00edndrome post vacacional"},"content":{"rendered":"<p><a href=\"https:\/\/i0.wp.com\/paulaibanez.cl\/aromasdeluna\/wp-content\/uploads\/2016\/02\/sindrome.png\" rel=\"attachment wp-att-274\"><img data-recalc-dims=\"1\" loading=\"lazy\" decoding=\"async\" data-attachment-id=\"274\" data-permalink=\"https:\/\/paulaibanez.cl\/blog\/sindrome-post-vacacional\/sindrome\/\" data-orig-file=\"https:\/\/i0.wp.com\/paulaibanez.cl\/blog\/wp-content\/uploads\/2016\/02\/sindrome.png?fit=970%2C607&amp;ssl=1\" data-orig-size=\"970,607\" data-comments-opened=\"1\" data-image-meta=\"{&quot;aperture&quot;:&quot;0&quot;,&quot;credit&quot;:&quot;&quot;,&quot;camera&quot;:&quot;&quot;,&quot;caption&quot;:&quot;&quot;,&quot;created_timestamp&quot;:&quot;0&quot;,&quot;copyright&quot;:&quot;&quot;,&quot;focal_length&quot;:&quot;0&quot;,&quot;iso&quot;:&quot;0&quot;,&quot;shutter_speed&quot;:&quot;0&quot;,&quot;title&quot;:&quot;&quot;,&quot;orientation&quot;:&quot;0&quot;}\" data-image-title=\"sindrome\" data-image-description=\"\" data-image-caption=\"\" data-large-file=\"https:\/\/i0.wp.com\/paulaibanez.cl\/blog\/wp-content\/uploads\/2016\/02\/sindrome.png?fit=970%2C607&amp;ssl=1\" class=\"lazyload size-medium wp-image-274 alignright\" src=\"https:\/\/i0.wp.com\/paulaibanez.cl\/aromasdeluna\/wp-content\/uploads\/2016\/02\/sindrome-300x188.png?resize=300%2C188\" data-orig-src=\"http:\/\/paulaibanez.cl\/aromasdeluna\/wp-content\/uploads\/2016\/02\/sindrome-300x188.png\" alt=\"S\u00edndrome post vacacional\" width=\"300\" height=\"188\" srcset=\"data:image\/svg+xml,%3Csvg%20xmlns%3D%27http%3A%2F%2Fwww.w3.org%2F2000%2Fsvg%27%20width%3D%27300%27%20height%3D%27188%27%20viewBox%3D%270%200%20300%20188%27%3E%3Crect%20width%3D%27300%27%20height%3D%273188%27%20fill-opacity%3D%220%22%2F%3E%3C%2Fsvg%3E\" data-srcset=\"https:\/\/i0.wp.com\/paulaibanez.cl\/blog\/wp-content\/uploads\/2016\/02\/sindrome.png?resize=300%2C188&amp;ssl=1 300w, https:\/\/i0.wp.com\/paulaibanez.cl\/blog\/wp-content\/uploads\/2016\/02\/sindrome.png?resize=768%2C481&amp;ssl=1 768w, https:\/\/i0.wp.com\/paulaibanez.cl\/blog\/wp-content\/uploads\/2016\/02\/sindrome.png?fit=970%2C607&amp;ssl=1 970w\" data-sizes=\"auto\" data-orig-sizes=\"auto, (max-width: 300px) 100vw, 300px\" \/><\/a>Para muchos, en estos d\u00edas se acabaron los d\u00edas de sol, relax, levantadas sin prisa y \u201cagotadoras tardes\u201d, donde lo \u00fanico que hab\u00eda que hacer era estar recostados en una reposera leyendo una revista. Ha llegado el momento de incorporarse al trabajo para los adultos. Los ni\u00f1os y los universitarios a las obligaciones estudiantiles. Entonces, el s\u00edndrome post vacacional empieza a instaurarse tanto f\u00edsicamente, como una sensaci\u00f3n de profundo cansancio, incluso con solo pensarlo. <!--more--><\/p>\n<p>La desmotivaci\u00f3n e irritabilidad pueden acompa\u00f1ar el agotamiento, no siendo buenos c\u00f3mplices, sobre todo cuando las expectativas antes de salir eran \u201cestar\u00e9 descansado, con las pilas cargadas y listo para enfrentar los nuevos desaf\u00edos\u201d. Pero todo este conjunto de sensaciones empa\u00f1an este principio de buenas intenciones.<\/p>\n<p>Lo primero para enfrentar esto es entender que es un proceso muy natural, algunas de las recomendaciones que indica Unobrain, expertos en entrenamiento cerebral, es partir de a poco. Idealmente iniciar las actividades a mitad de semana. Algunos colegios ya lo instauran en su calendario por los beneficios que esto representa para que los chicos est\u00e9n atentos y sea un acostumbramiento paulatino.<\/p>\n<p>Inyecta a tu mente ideas positivas, como lo afortunado que eres de tener un trabajo, en estos tiempos, muchos no lo tienen. De c\u00f3mo el descanso te permiti\u00f3 tener una mirada distinta de tus actividades y que todas esas ideas que pasaron por tu cabeza entre las corridas a la piscina y al comer pan reci\u00e9n horneado est\u00e1n a punto de ser puestas en marcha. Visualiza como los beneficios de tus pensamientos ya est\u00e1n teniendo sus frutos, siente, imagina ese bienestar en tu cuerpo. El cerebro no distingue cuando algo est\u00e1 pasando o solo lo est\u00e1s imaginando. Si lo haces con intenci\u00f3n y lo acompa\u00f1as con una fuerte emoci\u00f3n, se activar\u00e1n las mismas zonas del cerebro como si ya hubiera ocurrido.<br \/>\nEl volver sin estr\u00e9s permite pensar mejor las cosas, tener una visi\u00f3n m\u00e1s clara y plantearte nuevos desaf\u00edos que te entusiasmen. En el caso de los ni\u00f1os, adolescentes y universitarios es bueno recordarles lo nuevo que van a aprender y que compartir\u00e1n nuevamente a sus amigos.<\/p>\n<p>Trata de seguir con las rutinas agradables adoptadas por ti, debido al cambio de escenario y m\u00e1s tiempo libre, como caminatas diarias con la familia, tal vez tendr\u00e1s que reducir la duraci\u00f3n, pero esto te permite volver a conectarse con esos momentos de placer del verano y te sigues vinculando con los integrantes de tu n\u00facleo familiar de una manera m\u00e1s estrecha. A veces las largas jornadas laborales y la recarga de trabajo se confabulan para no poder hacerlo, pero ver\u00e1s los beneficios. Tener un equilibrio entre la vida laboral y personal es requisito indispensable para ser exitoso y feliz.<br \/>\nLa incorporaci\u00f3n de peque\u00f1os premios diarios, por tareas cumplidas, estimula el centro de recompensa. Tal vez un chocolate, con m\u00e1s del 70% de cacao, eso es bueno para la salud cerebral y para tu humor. O un relajante ba\u00f1o de tina, con aceite esencial de Mejorana.<\/p>\n","protected":false},"excerpt":{"rendered":"<p>Para muchos, en estos d\u00edas se acabaron los d\u00edas de sol, relax, levantadas sin prisa y \u201cagotadoras tardes\u201d, donde lo \u00fanico que hab\u00eda que hacer era estar recostados en una reposera leyendo una revista. Ha llegado el momento de incorporarse al trabajo para los adultos. Los ni\u00f1os y los universitarios a las obligaciones estudiantiles. Entonces, el s\u00edndrome post vacacional empieza a [&hellip;]<\/p>\n","protected":false},"author":3,"featured_media":0,"comment_status":"open","ping_status":"open","sticky":false,"template":"","format":"standard","meta":{"jetpack_post_was_ever_published":false,"_jetpack_newsletter_access":"","_jetpack_dont_email_post_to_subs":true,"_jetpack_newsletter_tier_id":0,"_jetpack_memberships_contains_paywalled_content":false,"_jetpack_memberships_contains_paid_content":false,"footnotes":"","jetpack_publicize_message":"","jetpack_publicize_feature_enabled":true,"jetpack_social_post_already_shared":true,"jetpack_social_options":{"image_generator_settings":{"template":"highway","default_image_id":0,"font":"","enabled":false},"version":2}},"categories":[102],"tags":[5,168,185,179,84,184,181,180,186,120,183,178,187,182,118],"class_list":["post-273","post","type-post","status-publish","format-standard","hentry","category-recursos-humanos","tag-aceites-esenciales","tag-brainfitness","tag-cacao","tag-cansancio","tag-cerebro","tag-chocolate","tag-descanso","tag-irritacion","tag-mejorana","tag-relax","tag-rutinas","tag-syndrome","tag-tina","tag-trabajo","tag-vacaciones"],"aioseo_notices":[],"jetpack_publicize_connections":[],"jetpack_featured_media_url":"","jetpack_sharing_enabled":true,"jetpack_shortlink":"https:\/\/wp.me\/p6aqPL-4p","jetpack-related-posts":[{"id":957,"url":"https:\/\/paulaibanez.cl\/blog\/como-evitar-el-cansancio-y-desgaste-de-las-videollamadas\/","url_meta":{"origin":273,"position":0},"title":"Como evitar el cansancio y desgaste de las videollamadas","author":"Paula Iba\u00f1ez","date":"15 enero, 2021","format":false,"excerpt":"Evita el cansancio de las\u00a0videollamadas es el momento de hacer las reglas expl\u00edcitas, las normas culturales y emocionales no declaradas, disminuir\u00e1 el estr\u00e9s\u00a0 La cantidad de video llamadas ha aumentado exponencialmente en los \u00faltimos meses, seguro que muchos d\u00edas, no has llegado ni a medio d\u00eda y ya sientes un\u2026","rel":"","context":"En \u00abcoaching\u00bb","block_context":{"text":"coaching","link":"https:\/\/paulaibanez.cl\/blog\/category\/coaching\/"},"img":{"alt_text":"Como evitar el cansancio de las videollamadas","src":"https:\/\/i0.wp.com\/paulaibanez.cl\/blog\/wp-content\/uploads\/2021\/01\/Captura-de-Pantalla-2021-01-15-a-las-08.24.33.png?fit=633%2C503&ssl=1&resize=350%2C200","width":350,"height":200,"srcset":"https:\/\/i0.wp.com\/paulaibanez.cl\/blog\/wp-content\/uploads\/2021\/01\/Captura-de-Pantalla-2021-01-15-a-las-08.24.33.png?fit=633%2C503&ssl=1&resize=350%2C200 1x, https:\/\/i0.wp.com\/paulaibanez.cl\/blog\/wp-content\/uploads\/2021\/01\/Captura-de-Pantalla-2021-01-15-a-las-08.24.33.png?fit=633%2C503&ssl=1&resize=525%2C300 1.5x"},"classes":[]},{"id":277,"url":"https:\/\/paulaibanez.cl\/blog\/donde-esta-tu-pasion-laboral-lo-que-nadie-te-cuenta\/","url_meta":{"origin":273,"position":1},"title":"\u00bfD\u00f3nde est\u00e1 tu pasi\u00f3n laboral? lo que nadie te cuenta","author":"Paula Iba\u00f1ez","date":"6 marzo, 2016","format":false,"excerpt":"Hay una corriente en perseguir la pasi\u00f3n laboral, pero nadie te cuenta que las pasiones pueden ser ef\u00edmeras y que no siempre se puede por diversas razones. Gettysburg college public\u00f3 que\u00a0las personas usan 90.000 horas en el trabajo\u00a0a lo largo de su vida. A menudo se dice que hagamos un\u2026","rel":"","context":"En \u00abcoaching\u00bb","block_context":{"text":"coaching","link":"https:\/\/paulaibanez.cl\/blog\/category\/coaching\/"},"img":{"alt_text":"Donde est\u00e1 tu pasi\u00f3n laboral","src":"https:\/\/i0.wp.com\/paulaibanez.cl\/blog\/wp-content\/uploads\/2016\/03\/1.jpg?fit=1200%2C960&ssl=1&resize=350%2C200","width":350,"height":200,"srcset":"https:\/\/i0.wp.com\/paulaibanez.cl\/blog\/wp-content\/uploads\/2016\/03\/1.jpg?fit=1200%2C960&ssl=1&resize=350%2C200 1x, https:\/\/i0.wp.com\/paulaibanez.cl\/blog\/wp-content\/uploads\/2016\/03\/1.jpg?fit=1200%2C960&ssl=1&resize=525%2C300 1.5x, https:\/\/i0.wp.com\/paulaibanez.cl\/blog\/wp-content\/uploads\/2016\/03\/1.jpg?fit=1200%2C960&ssl=1&resize=700%2C400 2x, https:\/\/i0.wp.com\/paulaibanez.cl\/blog\/wp-content\/uploads\/2016\/03\/1.jpg?fit=1200%2C960&ssl=1&resize=1050%2C600 3x"},"classes":[]},{"id":335,"url":"https:\/\/paulaibanez.cl\/blog\/teletrabajo-un-hogar-cerebralmente-amigable\/","url_meta":{"origin":273,"position":2},"title":"Teletrabajo: un hogar cerebralmente amigable","author":"Paula Iba\u00f1ez","date":"9 julio, 2020","format":false,"excerpt":"En teletrabajo un hogar cerebralmente amigable es fundamental para poner en pr\u00e1ctica tus habilidades laborales con una alta motivaci\u00f3n y bajo nivel de estr\u00e9s\u00a0 Es un mi\u00e9rcoles 11:30 am, llevas tres horas de jornada laboral, entrando y saliendo de reuniones virtuales y llamadas por tel\u00e9fono, percibes el cansancio en el\u2026","rel":"","context":"En \u00abcoaching\u00bb","block_context":{"text":"coaching","link":"https:\/\/paulaibanez.cl\/blog\/category\/coaching\/"},"img":{"alt_text":"Casa cerebralmente amigable","src":"https:\/\/i0.wp.com\/paulaibanez.cl\/blog\/wp-content\/uploads\/2020\/07\/Captura-de-Pantalla-2020-10-13-a-las-15.32.24.png?fit=699%2C558&ssl=1&resize=350%2C200","width":350,"height":200,"srcset":"https:\/\/i0.wp.com\/paulaibanez.cl\/blog\/wp-content\/uploads\/2020\/07\/Captura-de-Pantalla-2020-10-13-a-las-15.32.24.png?fit=699%2C558&ssl=1&resize=350%2C200 1x, https:\/\/i0.wp.com\/paulaibanez.cl\/blog\/wp-content\/uploads\/2020\/07\/Captura-de-Pantalla-2020-10-13-a-las-15.32.24.png?fit=699%2C558&ssl=1&resize=525%2C300 1.5x"},"classes":[]},{"id":141,"url":"https:\/\/paulaibanez.cl\/blog\/la-mente-hipercritica\/","url_meta":{"origin":273,"position":3},"title":"La Mente Hipercr\u00edtica","author":"Paula Iba\u00f1ez","date":"9 julio, 2015","format":false,"excerpt":"La mente, es como el software del cerebro, algunas veces juega malas pasadas siendo hipercr\u00edtica, atacando con pensamientos negativos, entorpeciendo tu potencial.\u00a0 \u00bfTe has pasado alguna vez horas pensando que no eres suficiente para realizar un trabajo? \u00bfQu\u00e9 a\u00fan te falta estudiar m\u00e1s para lograr tus objetivos? \u00bfQu\u00e9 no tienes\u2026","rel":"","context":"En \u00abcoaching\u00bb","block_context":{"text":"coaching","link":"https:\/\/paulaibanez.cl\/blog\/category\/coaching\/"},"img":{"alt_text":"La mente hipercritica","src":"https:\/\/i0.wp.com\/paulaibanez.cl\/blog\/wp-content\/uploads\/2015\/07\/Diseno-sin-titulo.jpg?fit=1200%2C960&ssl=1&resize=350%2C200","width":350,"height":200,"srcset":"https:\/\/i0.wp.com\/paulaibanez.cl\/blog\/wp-content\/uploads\/2015\/07\/Diseno-sin-titulo.jpg?fit=1200%2C960&ssl=1&resize=350%2C200 1x, https:\/\/i0.wp.com\/paulaibanez.cl\/blog\/wp-content\/uploads\/2015\/07\/Diseno-sin-titulo.jpg?fit=1200%2C960&ssl=1&resize=525%2C300 1.5x, https:\/\/i0.wp.com\/paulaibanez.cl\/blog\/wp-content\/uploads\/2015\/07\/Diseno-sin-titulo.jpg?fit=1200%2C960&ssl=1&resize=700%2C400 2x, https:\/\/i0.wp.com\/paulaibanez.cl\/blog\/wp-content\/uploads\/2015\/07\/Diseno-sin-titulo.jpg?fit=1200%2C960&ssl=1&resize=1050%2C600 3x"},"classes":[]},{"id":976,"url":"https:\/\/paulaibanez.cl\/blog\/por-que-nos-mienten-los-colaboradores-y-que-podemos-hacer\/","url_meta":{"origin":273,"position":4},"title":"\u00bfPor qu\u00e9 nos mienten los colaboradores y qu\u00e9 podemos hacer?","author":"Paula Iba\u00f1ez","date":"22 enero, 2021","format":false,"excerpt":"La raz\u00f3n por qu\u00e9 mienten los colaboradores no solo tiene que ver con su historia de vida, sino tambi\u00e9n por algunas acciones que realizas o no como l\u00edder\u00a0 La mentira es condenada de diferente maneras seg\u00fan la sociedad en que vives y la organizaci\u00f3n que trabajas.\u00a0 Seguro te ha pasado\u2026","rel":"","context":"En \u00abcoaching\u00bb","block_context":{"text":"coaching","link":"https:\/\/paulaibanez.cl\/blog\/category\/coaching\/"},"img":{"alt_text":"\u00bfPor qu\u00e9 nos mienten los colaboradores y qu\u00e9 podemos hacer?","src":"https:\/\/i0.wp.com\/paulaibanez.cl\/blog\/wp-content\/uploads\/2021\/01\/Captura-de-Pantalla-2021-01-22-a-las-18.44.27.png?fit=645%2C511&ssl=1&resize=350%2C200","width":350,"height":200,"srcset":"https:\/\/i0.wp.com\/paulaibanez.cl\/blog\/wp-content\/uploads\/2021\/01\/Captura-de-Pantalla-2021-01-22-a-las-18.44.27.png?fit=645%2C511&ssl=1&resize=350%2C200 1x, https:\/\/i0.wp.com\/paulaibanez.cl\/blog\/wp-content\/uploads\/2021\/01\/Captura-de-Pantalla-2021-01-22-a-las-18.44.27.png?fit=645%2C511&ssl=1&resize=525%2C300 1.5x"},"classes":[]},{"id":82,"url":"https:\/\/paulaibanez.cl\/blog\/supera-la-procrastinacion-acciona-tus-tareas-relevantes\/","url_meta":{"origin":273,"position":5},"title":"Supera la procrastinaci\u00f3n acciona tus tareas relevantes","author":"Paula Iba\u00f1ez","date":"27 mayo, 2015","format":false,"excerpt":"La procrastinaci\u00f3n se realiza diariamente, a pesar de que abandonar las tareas importantes para realizar las irrelevantes puede ir en contra de nosotros mismos, aqu\u00ed sus causas y como solucionarlo. La Procrastinaci\u00f3n sucede cuando pospones \u00a0las tareas importantes para hacer las irrelevantes, es una condici\u00f3n humana, el 95% de la\u2026","rel":"","context":"En \u00abcoaching\u00bb","block_context":{"text":"coaching","link":"https:\/\/paulaibanez.cl\/blog\/category\/coaching\/"},"img":{"alt_text":"Procrastinaci\u00f3n","src":"https:\/\/i0.wp.com\/paulaibanez.cl\/blog\/wp-content\/uploads\/2015\/05\/Antes.jpg?fit=1200%2C960&ssl=1&resize=350%2C200","width":350,"height":200,"srcset":"https:\/\/i0.wp.com\/paulaibanez.cl\/blog\/wp-content\/uploads\/2015\/05\/Antes.jpg?fit=1200%2C960&ssl=1&resize=350%2C200 1x, https:\/\/i0.wp.com\/paulaibanez.cl\/blog\/wp-content\/uploads\/2015\/05\/Antes.jpg?fit=1200%2C960&ssl=1&resize=525%2C300 1.5x, https:\/\/i0.wp.com\/paulaibanez.cl\/blog\/wp-content\/uploads\/2015\/05\/Antes.jpg?fit=1200%2C960&ssl=1&resize=700%2C400 2x, https:\/\/i0.wp.com\/paulaibanez.cl\/blog\/wp-content\/uploads\/2015\/05\/Antes.jpg?fit=1200%2C960&ssl=1&resize=1050%2C600 3x"},"classes":[]}],"jetpack_likes_enabled":true,"_links":{"self":[{"href":"https:\/\/paulaibanez.cl\/blog\/wp-json\/wp\/v2\/posts\/273","targetHints":{"allow":["GET"]}}],"collection":[{"href":"https:\/\/paulaibanez.cl\/blog\/wp-json\/wp\/v2\/posts"}],"about":[{"href":"https:\/\/paulaibanez.cl\/blog\/wp-json\/wp\/v2\/types\/post"}],"author":[{"embeddable":true,"href":"https:\/\/paulaibanez.cl\/blog\/wp-json\/wp\/v2\/users\/3"}],"replies":[{"embeddable":true,"href":"https:\/\/paulaibanez.cl\/blog\/wp-json\/wp\/v2\/comments?post=273"}],"version-history":[{"count":1,"href":"https:\/\/paulaibanez.cl\/blog\/wp-json\/wp\/v2\/posts\/273\/revisions"}],"predecessor-version":[{"id":275,"href":"https:\/\/paulaibanez.cl\/blog\/wp-json\/wp\/v2\/posts\/273\/revisions\/275"}],"wp:attachment":[{"href":"https:\/\/paulaibanez.cl\/blog\/wp-json\/wp\/v2\/media?parent=273"}],"wp:term":[{"taxonomy":"category","embeddable":true,"href":"https:\/\/paulaibanez.cl\/blog\/wp-json\/wp\/v2\/categories?post=273"},{"taxonomy":"post_tag","embeddable":true,"href":"https:\/\/paulaibanez.cl\/blog\/wp-json\/wp\/v2\/tags?post=273"}],"curies":[{"name":"wp","href":"https:\/\/api.w.org\/{rel}","templated":true}]}}