{"id":277,"date":"2016-03-06T18:00:45","date_gmt":"2016-03-06T21:00:45","guid":{"rendered":"http:\/\/paulaibanez.cl\/aromasdeluna\/?p=277"},"modified":"2021-04-04T11:20:27","modified_gmt":"2021-04-04T14:20:27","slug":"donde-esta-tu-pasion-laboral-lo-que-nadie-te-cuenta","status":"publish","type":"post","link":"https:\/\/paulaibanez.cl\/blog\/donde-esta-tu-pasion-laboral-lo-que-nadie-te-cuenta\/","title":{"rendered":"\u00bfD\u00f3nde est\u00e1 tu pasi\u00f3n laboral? lo que nadie te cuenta"},"content":{"rendered":"\n<h2 class=\"has-text-align-center wp-block-heading\"><em>Hay una corriente en perseguir la pasi\u00f3n laboral, pero nadie te cuenta que las pasiones pueden ser ef\u00edmeras y que no siempre se puede por diversas razones.<\/em><\/h2>\n\n\n\n<p>Gettysburg college public\u00f3 que&nbsp;<strong>las personas usan 90.000 horas en el trabajo<\/strong>&nbsp;a lo largo de su vida. A menudo se dice que hagamos un trabajo que nos apasione, sobre todo si piensas en la cantidad de horas que lo estar\u00e1s realizandolo, pero para un cuantioso n\u00famero de personas no es posible.<\/p>\n\n\n\n<p>Seg\u00fan la RAE, uno de los significado de pasi\u00f3n son \u201cuna perturbaci\u00f3n del \u00e1nimo\u201d o \u201cla inclinaci\u00f3n muy viva de alguien hacia una persona o cosa\u201d, o \u201caficci\u00f3n vehemento a ello\u201d \u00bfCu\u00e1l de estas definiciones te hace m\u00e1s sentido en tu trabajo? Muchos constestar\u00e1n que ninguna, ya&nbsp;<strong>que no todos los trabajos ofrecen hacer lo que amas<\/strong>, es bueno reconocerlo y aceptarlo.&nbsp;<\/p>\n\n\n\n<p>Pero, no est\u00e1 todo perdido ya que puedes realizar actividades no profesionales donde encuentres alegr\u00eda y vivas tu pasi\u00f3n trayendo consigo beneficios en tu carrera como vida personal. Entonces\u00a0<strong>se derriba el mito<\/strong> que los que no encuentran pasi\u00f3n en su trabajo tendr\u00e1n menos bienestar, es un depende.<\/p>\n\n\n\n<h2 class=\"wp-block-heading\">M\u00e1s que pasi\u00f3n sigue tus blisters<\/h2>\n\n\n\n<div class=\"wp-block-image\"><figure class=\"aligncenter size-fusion-600\"><img loading=\"lazy\" decoding=\"async\" width=\"2000\" height=\"1600\" data-attachment-id=\"1130\" data-permalink=\"https:\/\/paulaibanez.cl\/blog\/donde-esta-tu-pasion-laboral-lo-que-nadie-te-cuenta\/diseno-sin-titulo-8-4\/\" data-orig-file=\"https:\/\/i0.wp.com\/paulaibanez.cl\/blog\/wp-content\/uploads\/2021\/04\/Diseno-sin-titulo-8.jpg?fit=2000%2C1600&amp;ssl=1\" data-orig-size=\"2000,1600\" data-comments-opened=\"1\" data-image-meta=\"{&quot;aperture&quot;:&quot;0&quot;,&quot;credit&quot;:&quot;&quot;,&quot;camera&quot;:&quot;&quot;,&quot;caption&quot;:&quot;&quot;,&quot;created_timestamp&quot;:&quot;0&quot;,&quot;copyright&quot;:&quot;&quot;,&quot;focal_length&quot;:&quot;0&quot;,&quot;iso&quot;:&quot;0&quot;,&quot;shutter_speed&quot;:&quot;0&quot;,&quot;title&quot;:&quot;&quot;,&quot;orientation&quot;:&quot;1&quot;}\" data-image-title=\"Diseno-sin-titulo-8\" data-image-description=\"\" data-image-caption=\"\" data-large-file=\"https:\/\/i0.wp.com\/paulaibanez.cl\/blog\/wp-content\/uploads\/2021\/04\/Diseno-sin-titulo-8.jpg?fit=1024%2C819&amp;ssl=1\" src=\"https:\/\/i1.wp.com\/paulaibanez.cl\/blog\/wp-content\/uploads\/2021\/04\/Diseno-sin-titulo-8.jpg?fit=600%2C480&amp;ssl=1\" data-orig-src=\"https:\/\/i1.wp.com\/paulaibanez.cl\/blog\/wp-content\/uploads\/2021\/04\/Diseno-sin-titulo-8.jpg?fit=600%2C480&amp;ssl=1\" alt=\"\" class=\"lazyload wp-image-1130\" srcset=\"data:image\/svg+xml,%3Csvg%20xmlns%3D%27http%3A%2F%2Fwww.w3.org%2F2000%2Fsvg%27%20width%3D%272000%27%20height%3D%271600%27%20viewBox%3D%270%200%202000%201600%27%3E%3Crect%20width%3D%272000%27%20height%3D%2731600%27%20fill-opacity%3D%220%22%2F%3E%3C%2Fsvg%3E\" data-srcset=\"https:\/\/i0.wp.com\/paulaibanez.cl\/blog\/wp-content\/uploads\/2021\/04\/Diseno-sin-titulo-8.jpg?resize=200%2C160&amp;ssl=1 200w, https:\/\/i0.wp.com\/paulaibanez.cl\/blog\/wp-content\/uploads\/2021\/04\/Diseno-sin-titulo-8.jpg?resize=300%2C240&amp;ssl=1 300w, https:\/\/i0.wp.com\/paulaibanez.cl\/blog\/wp-content\/uploads\/2021\/04\/Diseno-sin-titulo-8.jpg?resize=400%2C320&amp;ssl=1 400w, https:\/\/i0.wp.com\/paulaibanez.cl\/blog\/wp-content\/uploads\/2021\/04\/Diseno-sin-titulo-8.jpg?resize=600%2C480&amp;ssl=1 600w, https:\/\/i0.wp.com\/paulaibanez.cl\/blog\/wp-content\/uploads\/2021\/04\/Diseno-sin-titulo-8.jpg?resize=768%2C614&amp;ssl=1 768w, https:\/\/i0.wp.com\/paulaibanez.cl\/blog\/wp-content\/uploads\/2021\/04\/Diseno-sin-titulo-8.jpg?resize=800%2C640&amp;ssl=1 800w, https:\/\/i0.wp.com\/paulaibanez.cl\/blog\/wp-content\/uploads\/2021\/04\/Diseno-sin-titulo-8.jpg?resize=1024%2C819&amp;ssl=1 1024w, https:\/\/i0.wp.com\/paulaibanez.cl\/blog\/wp-content\/uploads\/2021\/04\/Diseno-sin-titulo-8.jpg?resize=1200%2C960&amp;ssl=1 1200w, https:\/\/i0.wp.com\/paulaibanez.cl\/blog\/wp-content\/uploads\/2021\/04\/Diseno-sin-titulo-8.jpg?resize=1536%2C1229&amp;ssl=1 1536w, https:\/\/i0.wp.com\/paulaibanez.cl\/blog\/wp-content\/uploads\/2021\/04\/Diseno-sin-titulo-8.jpg?fit=2000%2C1600&amp;ssl=1 2000w\" data-sizes=\"auto\" data-orig-sizes=\"auto, (max-width: 1200px) 100vw, 1200px\" \/><\/figure><\/div>\n\n\n\n<p>Dan Cable, profesor de comportamiento organizacional de la Universidad de Londres y autor de libro \u201cAlive at work: The neuroscience of helping your people love what they do\u201d, recomienda m\u00e1s que seguir tu pasi\u00f3n, sigue tus blisters (ampollas). No todas las personas pueden dedicarse profesionalmente a su pasi\u00f3n, por diversas razones, pero eso no significa que no pueden \u201cflorecer\u201d en su vida.<\/p>\n\n\n\n<p>Una blister aparece producto de un desgaste por&nbsp;<strong>un trabajo o practica sostenida<\/strong>&nbsp;de alguna actividad, lo que indica perserverancia en alguna tarea. Cable invita a preguntarte&nbsp;\u00ab\u00bfA qu\u00e9 tipo de trabajo me encuentro volviendo una y otra vez, incluso cuando no tengo \u00e9xito de inmediato, cuando parece que est\u00e1 tomando demasiado tiempo progresar, o cuando me desanimo?\u00bb<\/p>\n\n\n\n<p>Su enfoque no es solo seguir la pasi\u00f3n en tu carrera, sino prestar<a rel=\"noreferrer noopener\" href=\"https:\/\/paulaibanez.cl\/blog\/como-prestar-atencion-a-tu-atencion\/\" data-type=\"URL\" data-id=\"https:\/\/paulaibanez.cl\/blog\/como-prestar-atencion-a-tu-atencion\/\" target=\"_blank\">&nbsp;<strong>atenci\u00f3n<\/strong><\/a>&nbsp;a las&nbsp;<strong>actividades que regresas a pesar que son dif\u00edciles de terminar<\/strong>,&nbsp;&nbsp;y no tanto a las que te sientes inmediatamente atraid@. No tienen que ser divertidas todo el tiempo, pero te importan lo suficiente para dedicarle mucho tiempo de ser necesario. \u00bfQu\u00e9 actividad te hace levantarte un poco antes o acostarte despu\u00e9s para realizarla? \u00bfD\u00f3nde quieres progresar y trabajas duro para lograrlo? <\/p>\n\n\n\n<p>Por ejemplo, algunas personas necesitan recordarse a si mismas para realizar una tarea agendandola en su iphone, mientras&nbsp;<strong>otras la realizan de forma natural<\/strong>. Presta atenci\u00f3n a eso y compara con las tareas que debes empujarte a terminar, incluso olvidandolas.<\/p>\n\n\n\n<h2 class=\"wp-block-heading\">Pasi\u00f3n y el estr\u00e9s: peligrosa uni\u00f3n<\/h2>\n\n\n\n<div class=\"wp-block-image\"><figure class=\"aligncenter size-fusion-600\"><img loading=\"lazy\" decoding=\"async\" width=\"673\" height=\"531\" data-attachment-id=\"930\" data-permalink=\"https:\/\/paulaibanez.cl\/blog\/donde-esta-tu-pasion-laboral-lo-que-nadie-te-cuenta\/captura-de-pantalla-2021-01-03-a-las-13-28-18\/\" data-orig-file=\"https:\/\/i0.wp.com\/paulaibanez.cl\/blog\/wp-content\/uploads\/2021\/01\/Captura-de-Pantalla-2021-01-03-a-las-13.28.18.png?fit=673%2C531&amp;ssl=1\" data-orig-size=\"673,531\" data-comments-opened=\"1\" data-image-meta=\"{&quot;aperture&quot;:&quot;0&quot;,&quot;credit&quot;:&quot;&quot;,&quot;camera&quot;:&quot;&quot;,&quot;caption&quot;:&quot;&quot;,&quot;created_timestamp&quot;:&quot;0&quot;,&quot;copyright&quot;:&quot;&quot;,&quot;focal_length&quot;:&quot;0&quot;,&quot;iso&quot;:&quot;0&quot;,&quot;shutter_speed&quot;:&quot;0&quot;,&quot;title&quot;:&quot;&quot;,&quot;orientation&quot;:&quot;0&quot;}\" data-image-title=\"Captura-de-Pantalla-2021-01-03-a-las-13.28.18\" data-image-description=\"\" data-image-caption=\"\" data-large-file=\"https:\/\/i0.wp.com\/paulaibanez.cl\/blog\/wp-content\/uploads\/2021\/01\/Captura-de-Pantalla-2021-01-03-a-las-13.28.18.png?fit=673%2C531&amp;ssl=1\" src=\"https:\/\/i0.wp.com\/paulaibanez.cl\/blog\/wp-content\/uploads\/2021\/01\/Captura-de-Pantalla-2021-01-03-a-las-13.28.18.png?fit=600%2C473&amp;ssl=1\" data-orig-src=\"https:\/\/i0.wp.com\/paulaibanez.cl\/blog\/wp-content\/uploads\/2021\/01\/Captura-de-Pantalla-2021-01-03-a-las-13.28.18.png?fit=600%2C473&amp;ssl=1\" alt=\"\" class=\"lazyload wp-image-930\" srcset=\"data:image\/svg+xml,%3Csvg%20xmlns%3D%27http%3A%2F%2Fwww.w3.org%2F2000%2Fsvg%27%20width%3D%27673%27%20height%3D%27531%27%20viewBox%3D%270%200%20673%20531%27%3E%3Crect%20width%3D%27673%27%20height%3D%273531%27%20fill-opacity%3D%220%22%2F%3E%3C%2Fsvg%3E\" data-srcset=\"https:\/\/i0.wp.com\/paulaibanez.cl\/blog\/wp-content\/uploads\/2021\/01\/Captura-de-Pantalla-2021-01-03-a-las-13.28.18.png?resize=200%2C158&amp;ssl=1 200w, https:\/\/i0.wp.com\/paulaibanez.cl\/blog\/wp-content\/uploads\/2021\/01\/Captura-de-Pantalla-2021-01-03-a-las-13.28.18.png?resize=300%2C237&amp;ssl=1 300w, https:\/\/i0.wp.com\/paulaibanez.cl\/blog\/wp-content\/uploads\/2021\/01\/Captura-de-Pantalla-2021-01-03-a-las-13.28.18.png?resize=400%2C316&amp;ssl=1 400w, https:\/\/i0.wp.com\/paulaibanez.cl\/blog\/wp-content\/uploads\/2021\/01\/Captura-de-Pantalla-2021-01-03-a-las-13.28.18.png?resize=600%2C473&amp;ssl=1 600w, https:\/\/i0.wp.com\/paulaibanez.cl\/blog\/wp-content\/uploads\/2021\/01\/Captura-de-Pantalla-2021-01-03-a-las-13.28.18.png?fit=673%2C531&amp;ssl=1 673w\" data-sizes=\"auto\" data-orig-sizes=\"auto, (max-width: 673px) 100vw, 673px\" \/><\/figure><\/div>\n\n\n\n<p><strong>\u201csi haces lo que amas nunca trabajar\u00e1s un d\u00eda en tu vida\u201d,<\/strong>&nbsp;esta frase seguro la has escuchado en ceremonias de egreso de universidades, en charlas motivacionales, en podcast y en post en redes sociales, pero hay mucho mito detr\u00e1s de esa frase bien intencionada.<\/p>\n\n\n\n<p><strong>\u201cSi amas lo que haces\u201d, es una creencia puede empujarte a una trampa<\/strong>..que debieras entonces hacer mucho m\u00e1s de lo que realizas y trabajar sin limite, \u201ctotal es algo que amas\u201d \u201c\u00bfQui\u00e9n necesita un d\u00eda libre cuando no est\u00e1s trabajando?\u201d.&nbsp;<\/p>\n\n\n\n<p>Hay que ser muy cuidadosos ya que este&nbsp;<strong><a href=\"https:\/\/paulaibanez.cl\/blog\/tipos-de-mentalidades-para-un-liderazgo-exitoso\/\" data-type=\"URL\" data-id=\"https:\/\/paulaibanez.cl\/blog\/tipos-de-mentalidades-para-un-liderazgo-exitoso\/\" target=\"_blank\" rel=\"noreferrer noopener\">tipo de mentalidad<\/a><\/strong>, que incluso es muy difundida en el mundo hoy en d\u00eda, puede conducir al agotamiento con desagradables consecuencias, como es el burnout (estr\u00e9s cr\u00f3nico)<\/p>\n\n\n\n<p>La organizaci\u00f3n mundial de la salud inform\u00f3 que el sindrome burnout se caracteriza por tres dimensiones&nbsp;<\/p>\n\n\n\n<p>1)Sensaci\u00f3n agotamiento f\u00edsico o falta de energ\u00eda<\/p>\n\n\n\n<p>2)Negativismo acerca del trabajo o alejarse mentalmente de \u00e9l.<\/p>\n\n\n\n<p>3)Disminuci\u00f3n de eficacia profesional<\/p>\n\n\n\n<p>Investigadores de la Universidad de Qu\u00e9bec, Vellerand y colaboradores, en su publicaci\u00f3n\u00a0\u00a0\u201cOn the role of passion for work in burnout: a process model\u201d describen que los sectores y\u00a0<strong>roles donde las personas sienten pasi\u00f3n por su trabajo,<\/strong>\u00a0los puede llevar a una falta de definici\u00f3n de limites, una pasi\u00f3n obsesiva versus una armoniosa encausando este tipo de comportamiento a un agotamiento extremo.<\/p>\n\n\n\n<div class=\"wp-block-image\"><figure class=\"aligncenter size-fusion-600\"><img loading=\"lazy\" decoding=\"async\" width=\"2000\" height=\"1600\" data-attachment-id=\"932\" data-permalink=\"https:\/\/paulaibanez.cl\/blog\/donde-esta-tu-pasion-laboral-lo-que-nadie-te-cuenta\/diseno-sin-titulo-8-2\/\" data-orig-file=\"https:\/\/i0.wp.com\/paulaibanez.cl\/blog\/wp-content\/uploads\/2021\/01\/Diseno-sin-titulo-8.jpg?fit=2000%2C1600&amp;ssl=1\" data-orig-size=\"2000,1600\" data-comments-opened=\"1\" data-image-meta=\"{&quot;aperture&quot;:&quot;0&quot;,&quot;credit&quot;:&quot;&quot;,&quot;camera&quot;:&quot;&quot;,&quot;caption&quot;:&quot;&quot;,&quot;created_timestamp&quot;:&quot;0&quot;,&quot;copyright&quot;:&quot;&quot;,&quot;focal_length&quot;:&quot;0&quot;,&quot;iso&quot;:&quot;0&quot;,&quot;shutter_speed&quot;:&quot;0&quot;,&quot;title&quot;:&quot;&quot;,&quot;orientation&quot;:&quot;1&quot;}\" data-image-title=\"Diseno-sin-titulo-8\" data-image-description=\"\" data-image-caption=\"\" data-large-file=\"https:\/\/i0.wp.com\/paulaibanez.cl\/blog\/wp-content\/uploads\/2021\/01\/Diseno-sin-titulo-8.jpg?fit=1024%2C819&amp;ssl=1\" src=\"https:\/\/i0.wp.com\/paulaibanez.cl\/blog\/wp-content\/uploads\/2021\/01\/Diseno-sin-titulo-8.jpg?fit=600%2C480&amp;ssl=1\" data-orig-src=\"https:\/\/i0.wp.com\/paulaibanez.cl\/blog\/wp-content\/uploads\/2021\/01\/Diseno-sin-titulo-8.jpg?fit=600%2C480&amp;ssl=1\" alt=\"\" class=\"lazyload wp-image-932\" srcset=\"data:image\/svg+xml,%3Csvg%20xmlns%3D%27http%3A%2F%2Fwww.w3.org%2F2000%2Fsvg%27%20width%3D%272000%27%20height%3D%271600%27%20viewBox%3D%270%200%202000%201600%27%3E%3Crect%20width%3D%272000%27%20height%3D%2731600%27%20fill-opacity%3D%220%22%2F%3E%3C%2Fsvg%3E\" data-srcset=\"https:\/\/i0.wp.com\/paulaibanez.cl\/blog\/wp-content\/uploads\/2021\/01\/Diseno-sin-titulo-8.jpg?resize=200%2C160&amp;ssl=1 200w, https:\/\/i0.wp.com\/paulaibanez.cl\/blog\/wp-content\/uploads\/2021\/01\/Diseno-sin-titulo-8.jpg?resize=300%2C240&amp;ssl=1 300w, https:\/\/i0.wp.com\/paulaibanez.cl\/blog\/wp-content\/uploads\/2021\/01\/Diseno-sin-titulo-8.jpg?resize=400%2C320&amp;ssl=1 400w, https:\/\/i0.wp.com\/paulaibanez.cl\/blog\/wp-content\/uploads\/2021\/01\/Diseno-sin-titulo-8.jpg?resize=600%2C480&amp;ssl=1 600w, https:\/\/i0.wp.com\/paulaibanez.cl\/blog\/wp-content\/uploads\/2021\/01\/Diseno-sin-titulo-8.jpg?resize=768%2C614&amp;ssl=1 768w, https:\/\/i0.wp.com\/paulaibanez.cl\/blog\/wp-content\/uploads\/2021\/01\/Diseno-sin-titulo-8.jpg?resize=800%2C640&amp;ssl=1 800w, https:\/\/i0.wp.com\/paulaibanez.cl\/blog\/wp-content\/uploads\/2021\/01\/Diseno-sin-titulo-8.jpg?resize=1024%2C819&amp;ssl=1 1024w, https:\/\/i0.wp.com\/paulaibanez.cl\/blog\/wp-content\/uploads\/2021\/01\/Diseno-sin-titulo-8.jpg?resize=1200%2C960&amp;ssl=1 1200w, https:\/\/i0.wp.com\/paulaibanez.cl\/blog\/wp-content\/uploads\/2021\/01\/Diseno-sin-titulo-8.jpg?resize=1536%2C1229&amp;ssl=1 1536w, https:\/\/i0.wp.com\/paulaibanez.cl\/blog\/wp-content\/uploads\/2021\/01\/Diseno-sin-titulo-8.jpg?fit=2000%2C1600&amp;ssl=1 2000w\" data-sizes=\"auto\" data-orig-sizes=\"auto, (max-width: 1200px) 100vw, 1200px\" \/><\/figure><\/div>\n\n\n\n<p>Se identifican tan fuertemente con su trabajo, faltando equilibrio entre vida personal y vida laboral, aumentado el <strong><a rel=\"noreferrer noopener\" href=\"https:\/\/paulaibanez.cl\/blog\/manejo-de-estres-en-las-organizaciones\/\" data-type=\"URL\" data-id=\"https:\/\/paulaibanez.cl\/blog\/manejo-de-estres-en-las-organizaciones\/\" target=\"_blank\">estr\u00e9s<\/a> <\/strong>y disminuyendo el bienestar. Claro que hay beneficios de sentirse identificado con el trabajo que realizas como la inspiraci\u00f3n, la&nbsp;&nbsp;<strong><a href=\"https:\/\/paulaibanez.cl\/blog\/teletrabajo-como-mantener-la-motivacion-de-los-equipos\/\" data-type=\"URL\" data-id=\"https:\/\/paulaibanez.cl\/blog\/teletrabajo-como-mantener-la-motivacion-de-los-equipos\/\" target=\"_blank\" rel=\"noreferrer noopener\">motivaci\u00f3n<\/a><\/strong> y orientaci\u00f3n al logro, pero puede ser un cuchillo de doble filo.<\/p>\n\n\n\n<p>No se trata que trabajes sin pasi\u00f3n ni sentido de prop\u00f3sito en tu trabajo, sino que&nbsp;<strong>coloques limites e incluso ser\u00e1s m\u00e1s eficaz<\/strong>&nbsp;en \u00e9l.<\/p>\n\n\n\n<p>Realiza un an\u00e1lisis honesto \u00bfCu\u00e1ntas horas a la semana trabajas en tu pasi\u00f3n? \u00bfC\u00f3mo esta el equilibrio entre tu personal y laboral? \u00bfContestas email o miras tus redes sociales laborales pasado las 21 hrs? \u00bfTrabajas en vacaciones, fin de semanas y d\u00edas libres?<\/p>\n\n\n\n<p>Recuerda que tu cuerpo es el motor de ese trabajo que realizas con tanta pasi\u00f3n, ya sea un emprendimiento o un rol que cumples en una organizaci\u00f3n. Sino lo cuidas con un tiempo de descanso adecuado, estableciendo limites, hay riesgos que ese proyecto no mantenga a largo plazo, producto de tu agotamiento extremo y sus consecuencia en tu salud y desempe\u00f1o profesional.<\/p>\n\n\n\n<h2 class=\"wp-block-heading\">Pasi\u00f3n fuera del ambiente laboral<\/h2>\n\n\n\n<div class=\"wp-block-image\"><figure class=\"aligncenter size-fusion-600\"><img loading=\"lazy\" decoding=\"async\" width=\"2000\" height=\"1600\" data-attachment-id=\"1131\" data-permalink=\"https:\/\/paulaibanez.cl\/blog\/donde-esta-tu-pasion-laboral-lo-que-nadie-te-cuenta\/diseno-sin-titulo-7-4\/\" data-orig-file=\"https:\/\/i0.wp.com\/paulaibanez.cl\/blog\/wp-content\/uploads\/2021\/04\/Diseno-sin-titulo-7.jpg?fit=2000%2C1600&amp;ssl=1\" data-orig-size=\"2000,1600\" data-comments-opened=\"1\" data-image-meta=\"{&quot;aperture&quot;:&quot;0&quot;,&quot;credit&quot;:&quot;&quot;,&quot;camera&quot;:&quot;&quot;,&quot;caption&quot;:&quot;&quot;,&quot;created_timestamp&quot;:&quot;0&quot;,&quot;copyright&quot;:&quot;&quot;,&quot;focal_length&quot;:&quot;0&quot;,&quot;iso&quot;:&quot;0&quot;,&quot;shutter_speed&quot;:&quot;0&quot;,&quot;title&quot;:&quot;&quot;,&quot;orientation&quot;:&quot;1&quot;}\" data-image-title=\"Diseno-sin-titulo-7\" data-image-description=\"\" data-image-caption=\"\" data-large-file=\"https:\/\/i0.wp.com\/paulaibanez.cl\/blog\/wp-content\/uploads\/2021\/04\/Diseno-sin-titulo-7.jpg?fit=1024%2C819&amp;ssl=1\" src=\"https:\/\/i0.wp.com\/paulaibanez.cl\/blog\/wp-content\/uploads\/2021\/04\/Diseno-sin-titulo-7.jpg?fit=600%2C480&amp;ssl=1\" data-orig-src=\"https:\/\/i0.wp.com\/paulaibanez.cl\/blog\/wp-content\/uploads\/2021\/04\/Diseno-sin-titulo-7.jpg?fit=600%2C480&amp;ssl=1\" alt=\"\" class=\"lazyload wp-image-1131\" srcset=\"data:image\/svg+xml,%3Csvg%20xmlns%3D%27http%3A%2F%2Fwww.w3.org%2F2000%2Fsvg%27%20width%3D%272000%27%20height%3D%271600%27%20viewBox%3D%270%200%202000%201600%27%3E%3Crect%20width%3D%272000%27%20height%3D%2731600%27%20fill-opacity%3D%220%22%2F%3E%3C%2Fsvg%3E\" data-srcset=\"https:\/\/i0.wp.com\/paulaibanez.cl\/blog\/wp-content\/uploads\/2021\/04\/Diseno-sin-titulo-7.jpg?resize=200%2C160&amp;ssl=1 200w, https:\/\/i0.wp.com\/paulaibanez.cl\/blog\/wp-content\/uploads\/2021\/04\/Diseno-sin-titulo-7.jpg?resize=300%2C240&amp;ssl=1 300w, https:\/\/i0.wp.com\/paulaibanez.cl\/blog\/wp-content\/uploads\/2021\/04\/Diseno-sin-titulo-7.jpg?resize=400%2C320&amp;ssl=1 400w, https:\/\/i0.wp.com\/paulaibanez.cl\/blog\/wp-content\/uploads\/2021\/04\/Diseno-sin-titulo-7.jpg?resize=600%2C480&amp;ssl=1 600w, https:\/\/i0.wp.com\/paulaibanez.cl\/blog\/wp-content\/uploads\/2021\/04\/Diseno-sin-titulo-7.jpg?resize=768%2C614&amp;ssl=1 768w, https:\/\/i0.wp.com\/paulaibanez.cl\/blog\/wp-content\/uploads\/2021\/04\/Diseno-sin-titulo-7.jpg?resize=800%2C640&amp;ssl=1 800w, https:\/\/i0.wp.com\/paulaibanez.cl\/blog\/wp-content\/uploads\/2021\/04\/Diseno-sin-titulo-7.jpg?resize=1024%2C819&amp;ssl=1 1024w, https:\/\/i0.wp.com\/paulaibanez.cl\/blog\/wp-content\/uploads\/2021\/04\/Diseno-sin-titulo-7.jpg?resize=1200%2C960&amp;ssl=1 1200w, https:\/\/i0.wp.com\/paulaibanez.cl\/blog\/wp-content\/uploads\/2021\/04\/Diseno-sin-titulo-7.jpg?resize=1536%2C1229&amp;ssl=1 1536w, https:\/\/i0.wp.com\/paulaibanez.cl\/blog\/wp-content\/uploads\/2021\/04\/Diseno-sin-titulo-7.jpg?fit=2000%2C1600&amp;ssl=1 2000w\" data-sizes=\"auto\" data-orig-sizes=\"auto, (max-width: 1200px) 100vw, 1200px\" \/><\/figure><\/div>\n\n\n\n<p><strong>El trabajo no debiera ser la \u00fanica o mayoritar\u00eda fuente de pasi\u00f3n en tu vida<\/strong>, ya que si lo pierdes por un despido o tienes un <strong><a href=\"https:\/\/paulaibanez.cl\/blog\/como-entregar-feedback-efectivo-en-7-pasos\/\" data-type=\"URL\" data-id=\"https:\/\/paulaibanez.cl\/blog\/como-entregar-feedback-efectivo-en-7-pasos\/\" target=\"_blank\" rel=\"noreferrer noopener\">feedback<\/a><\/strong> negativo de un superior sobre tu desempe\u00f1o&nbsp;&nbsp;o tu emprendimiento fracasa, te sentir\u00e1s sin ese motor que alimenta tus d\u00edas, que te empuja a d\u00f3nde ir y que hacer.<\/p>\n\n\n\n<p>Un estudio publicado en el Journal of vocational behavior por Ciara kelly y colaboradores demuestra que las personas obtienen&nbsp;<strong>mayores beneficios cuando sus pasiones personales y su trabajo son diferentes.<\/strong><\/p>\n\n\n\n<p>Cuando tu trabajo es&nbsp;<strong>tu pasi\u00f3n es m\u00e1s dif\u00edcil colocar limites<\/strong>&nbsp;y dejarlo solo para jornadas laborales y te puede privar de llevar pasatiempos externos que reducen el&nbsp;<strong>estr\u00e9s<\/strong>&nbsp;y aumentan la creatividad.<\/p>\n\n\n\n<p>Atar tu pasi\u00f3n a actividades fuera de tu lugar de trabajo puede permitir desarrollar nuevas habilidades, conocer nuevas personas y tener un espacio para el relax.<\/p>\n\n\n\n<h2 class=\"wp-block-heading\">\u00bfC\u00f3mo encuentras tu pasi\u00f3n? <\/h2>\n\n\n\n<div class=\"wp-block-image\"><figure class=\"aligncenter size-fusion-600\"><img loading=\"lazy\" decoding=\"async\" width=\"2000\" height=\"1600\" data-attachment-id=\"1133\" data-permalink=\"https:\/\/paulaibanez.cl\/blog\/donde-esta-tu-pasion-laboral-lo-que-nadie-te-cuenta\/diseno-sin-titulo-10-3\/\" data-orig-file=\"https:\/\/i0.wp.com\/paulaibanez.cl\/blog\/wp-content\/uploads\/2021\/04\/Diseno-sin-titulo-10.jpg?fit=2000%2C1600&amp;ssl=1\" data-orig-size=\"2000,1600\" data-comments-opened=\"1\" data-image-meta=\"{&quot;aperture&quot;:&quot;0&quot;,&quot;credit&quot;:&quot;&quot;,&quot;camera&quot;:&quot;&quot;,&quot;caption&quot;:&quot;&quot;,&quot;created_timestamp&quot;:&quot;0&quot;,&quot;copyright&quot;:&quot;&quot;,&quot;focal_length&quot;:&quot;0&quot;,&quot;iso&quot;:&quot;0&quot;,&quot;shutter_speed&quot;:&quot;0&quot;,&quot;title&quot;:&quot;&quot;,&quot;orientation&quot;:&quot;1&quot;}\" data-image-title=\"Diseno-sin-titulo-10\" data-image-description=\"\" data-image-caption=\"\" data-large-file=\"https:\/\/i0.wp.com\/paulaibanez.cl\/blog\/wp-content\/uploads\/2021\/04\/Diseno-sin-titulo-10.jpg?fit=1024%2C819&amp;ssl=1\" src=\"https:\/\/i0.wp.com\/paulaibanez.cl\/blog\/wp-content\/uploads\/2021\/04\/Diseno-sin-titulo-10.jpg?fit=600%2C480&amp;ssl=1\" data-orig-src=\"https:\/\/i0.wp.com\/paulaibanez.cl\/blog\/wp-content\/uploads\/2021\/04\/Diseno-sin-titulo-10.jpg?fit=600%2C480&amp;ssl=1\" alt=\"\" class=\"lazyload wp-image-1133\" srcset=\"data:image\/svg+xml,%3Csvg%20xmlns%3D%27http%3A%2F%2Fwww.w3.org%2F2000%2Fsvg%27%20width%3D%272000%27%20height%3D%271600%27%20viewBox%3D%270%200%202000%201600%27%3E%3Crect%20width%3D%272000%27%20height%3D%2731600%27%20fill-opacity%3D%220%22%2F%3E%3C%2Fsvg%3E\" data-srcset=\"https:\/\/i0.wp.com\/paulaibanez.cl\/blog\/wp-content\/uploads\/2021\/04\/Diseno-sin-titulo-10.jpg?resize=200%2C160&amp;ssl=1 200w, https:\/\/i0.wp.com\/paulaibanez.cl\/blog\/wp-content\/uploads\/2021\/04\/Diseno-sin-titulo-10.jpg?resize=300%2C240&amp;ssl=1 300w, https:\/\/i0.wp.com\/paulaibanez.cl\/blog\/wp-content\/uploads\/2021\/04\/Diseno-sin-titulo-10.jpg?resize=400%2C320&amp;ssl=1 400w, https:\/\/i0.wp.com\/paulaibanez.cl\/blog\/wp-content\/uploads\/2021\/04\/Diseno-sin-titulo-10.jpg?resize=600%2C480&amp;ssl=1 600w, https:\/\/i0.wp.com\/paulaibanez.cl\/blog\/wp-content\/uploads\/2021\/04\/Diseno-sin-titulo-10.jpg?resize=768%2C614&amp;ssl=1 768w, https:\/\/i0.wp.com\/paulaibanez.cl\/blog\/wp-content\/uploads\/2021\/04\/Diseno-sin-titulo-10.jpg?resize=800%2C640&amp;ssl=1 800w, https:\/\/i0.wp.com\/paulaibanez.cl\/blog\/wp-content\/uploads\/2021\/04\/Diseno-sin-titulo-10.jpg?resize=1024%2C819&amp;ssl=1 1024w, https:\/\/i0.wp.com\/paulaibanez.cl\/blog\/wp-content\/uploads\/2021\/04\/Diseno-sin-titulo-10.jpg?resize=1200%2C960&amp;ssl=1 1200w, https:\/\/i0.wp.com\/paulaibanez.cl\/blog\/wp-content\/uploads\/2021\/04\/Diseno-sin-titulo-10.jpg?resize=1536%2C1229&amp;ssl=1 1536w, https:\/\/i0.wp.com\/paulaibanez.cl\/blog\/wp-content\/uploads\/2021\/04\/Diseno-sin-titulo-10.jpg?fit=2000%2C1600&amp;ssl=1 2000w\" data-sizes=\"auto\" data-orig-sizes=\"auto, (max-width: 1200px) 100vw, 1200px\" \/><\/figure><\/div>\n\n\n\n<p>Reflexiona sobre las cosas que hac\u00edas o te gustaban en tu ni\u00f1ez:<\/p>\n\n\n\n<ul class=\"wp-block-list\"><li>\u00bfQu\u00e9 te gustaba hacer?<\/li><li> \u00bfQu\u00e9 nueva habilidad te gustar\u00eda desarrollar? <\/li><li>\u00bfQu\u00e9 hobby quisieras profesionalizarlo aprendiendo m\u00e1s sobre \u00e9l?<\/li><\/ul>\n\n\n\n<p><strong>Las pasiones pueden disminuir con el tiempo<\/strong>, por lo tanto si hoy est\u00e1s practicando alguna y ya no sientes la misma emoci\u00f3n, quiz\u00e1s es el momento de moverte a alguna otra actividad, en vez de estar siempre&nbsp;<a href=\"https:\/\/paulaibanez.cl\/blog\/supera-la-procastinacion-acciona-tus-tareas-relevantes\/\" data-type=\"URL\" data-id=\"https:\/\/paulaibanez.cl\/blog\/supera-la-procastinacion-acciona-tus-tareas-relevantes\/\" target=\"_blank\" rel=\"noreferrer noopener\"><strong>procrastinando<\/strong>&nbsp;<\/a>de practicarla<\/p>\n\n\n\n<p>El&nbsp;<strong>voluntariado es otra forma de realizar tu pasi\u00f3n<\/strong>, incluso cada d\u00eda m\u00e1s empresas estimulan a sus colaboradores a realizarlo, creando voluntariado corporativo, ya que aumenta el compromiso con la organizaci\u00f3n, fomentar el orgullo colectivo y permite expresar valores personales significativos (Brockner et al, 2014).<\/p>\n\n\n\n<p>Los<a rel=\"noreferrer noopener\" href=\"https:\/\/paulaibanez.cl\/blog\/como-la-inteligencia-emocional-mejora-tu-liderazgo\/\" data-type=\"URL\" data-id=\"https:\/\/paulaibanez.cl\/blog\/como-la-inteligencia-emocional-mejora-tu-liderazgo\/\" target=\"_blank\">&nbsp;<strong>l\u00edderes<\/strong><\/a><strong>&nbsp;<\/strong>pueden<strong>&nbsp;ayudar a sus colaboradores a desarrollar su pasi\u00f3n<\/strong>, animandolos a&nbsp;<strong><a href=\"https:\/\/paulaibanez.cl\/blog\/como-pensar-mejor\/\" data-type=\"URL\" data-id=\"https:\/\/paulaibanez.cl\/blog\/como-pensar-mejor\/\" target=\"_blank\" rel=\"noreferrer noopener\">pensar<\/a><\/strong>&nbsp;en los que los entusiasma, o apoyandolos a terminar su trabajo en horas laborales y sobre todo que tengan tiempo libre programando predecible y sin urgencias permanentes fuera de horario.<\/p>\n\n\n\n<p>Com\u00e9ntame que que otras acciones practicas te han ayudado a desarrollar tus pasi\u00f3n, me encantar\u00e1 leerlo. Como siempre te invito a compartir a m\u00e1s personas este blog, para que puedan enfrentar laboralmente de mejor manera un mundo cambiante y desafiante como el que vivimos.<\/p>\n\n\n\n<p>Y sino te has suscrito recuerda que todas las semanas publico un art\u00edculo sobre neurociencia y coaching que te permitir\u00e1 seguir avanzando en tu carrera como l\u00edder.<\/p>\n\n\n\n<p>Gracias<\/p>\n\n\n\n<p>Paula<\/p>\n\n\n\n<p><\/p>\n","protected":false},"excerpt":{"rendered":"<p>Hay una corriente en perseguir la pasi\u00f3n laboral, pero nadie te cuenta que las pasiones pueden ser ef\u00edmeras y que no siempre se puede por diversas razones. Gettysburg college public\u00f3 que&nbsp;las personas usan 90.000 horas en el trabajo&nbsp;a lo largo de su vida. A menudo se dice que hagamos un trabajo que nos apasione, sobre todo si piensas en la cantidad [&hellip;]<\/p>\n","protected":false},"author":3,"featured_media":1129,"comment_status":"open","ping_status":"open","sticky":false,"template":"","format":"standard","meta":{"jetpack_post_was_ever_published":false,"_jetpack_newsletter_access":"","_jetpack_dont_email_post_to_subs":true,"_jetpack_newsletter_tier_id":0,"_jetpack_memberships_contains_paywalled_content":false,"_jetpack_memberships_contains_paid_content":false,"footnotes":"","jetpack_publicize_message":"","jetpack_publicize_feature_enabled":true,"jetpack_social_post_already_shared":true,"jetpack_social_options":{"image_generator_settings":{"template":"highway","default_image_id":0,"font":"","enabled":false},"version":2}},"categories":[259,262,261,102],"tags":[419,113,197,420,418,342,341],"class_list":["post-277","post","type-post","status-publish","format-standard","has-post-thumbnail","hentry","category-coaching","category-equipos-alto-rendimiento","category-liderazgo","category-recursos-humanos","tag-como-encontra-tu-pasion","tag-liderazgo","tag-pasion","tag-pasion-en-el-trabajo","tag-pasion-laboral","tag-pasion-y-estres","tag-proposito"],"aioseo_notices":[],"jetpack_publicize_connections":[],"jetpack_featured_media_url":"https:\/\/i0.wp.com\/paulaibanez.cl\/blog\/wp-content\/uploads\/2016\/03\/1.jpg?fit=2000%2C1600&ssl=1","jetpack_sharing_enabled":true,"jetpack_shortlink":"https:\/\/wp.me\/p6aqPL-4t","jetpack-related-posts":[{"id":866,"url":"https:\/\/paulaibanez.cl\/blog\/como-la-inteligencia-emocional-mejora-tu-liderazgo\/","url_meta":{"origin":277,"position":0},"title":"C\u00f3mo la inteligencia emocional mejora tu liderazgo","author":"Paula Iba\u00f1ez","date":"18 diciembre, 2020","format":false,"excerpt":"C\u00f3mo la inteligencia emocional mejora el liderazgo","rel":"","context":"En \u00abcoaching\u00bb","block_context":{"text":"coaching","link":"https:\/\/paulaibanez.cl\/blog\/category\/coaching\/"},"img":{"alt_text":"C\u00f3mo la inteligencia emocional mejora el liderazgo","src":"https:\/\/i0.wp.com\/paulaibanez.cl\/blog\/wp-content\/uploads\/2020\/12\/5.jpg?fit=1200%2C960&ssl=1&resize=350%2C200","width":350,"height":200,"srcset":"https:\/\/i0.wp.com\/paulaibanez.cl\/blog\/wp-content\/uploads\/2020\/12\/5.jpg?fit=1200%2C960&ssl=1&resize=350%2C200 1x, https:\/\/i0.wp.com\/paulaibanez.cl\/blog\/wp-content\/uploads\/2020\/12\/5.jpg?fit=1200%2C960&ssl=1&resize=525%2C300 1.5x, https:\/\/i0.wp.com\/paulaibanez.cl\/blog\/wp-content\/uploads\/2020\/12\/5.jpg?fit=1200%2C960&ssl=1&resize=700%2C400 2x, https:\/\/i0.wp.com\/paulaibanez.cl\/blog\/wp-content\/uploads\/2020\/12\/5.jpg?fit=1200%2C960&ssl=1&resize=1050%2C600 3x"},"classes":[]},{"id":822,"url":"https:\/\/paulaibanez.cl\/blog\/ser-disruptivo-antes-que-te-obliguen-a-serlo\/","url_meta":{"origin":277,"position":1},"title":"Ser disruptivo antes que te obliguen a serlo","author":"Paula Iba\u00f1ez","date":"4 diciembre, 2020","format":false,"excerpt":"Mantener todo igual, sin cambio, ya no es una opcion. Hoy la no acci\u00f3n puede ser una causa de fracaso, todo llama a ser disruptivo, inicia proactivamente. Los escenarios est\u00e1n cambiantes y a un paso muy r\u00e1pido se necesita l\u00edderes con\u00a0mentalidad abierta capaces de crear\u00a0\u00a0el futuro y no esperar a\u2026","rel":"","context":"En \u00abcoaching\u00bb","block_context":{"text":"coaching","link":"https:\/\/paulaibanez.cl\/blog\/category\/coaching\/"},"img":{"alt_text":"Ser disruptivo antes que te obliguen","src":"https:\/\/i0.wp.com\/paulaibanez.cl\/blog\/wp-content\/uploads\/2020\/12\/Captura-de-Pantalla-2020-12-04-a-las-09.07.59.png?fit=632%2C504&ssl=1&resize=350%2C200","width":350,"height":200,"srcset":"https:\/\/i0.wp.com\/paulaibanez.cl\/blog\/wp-content\/uploads\/2020\/12\/Captura-de-Pantalla-2020-12-04-a-las-09.07.59.png?fit=632%2C504&ssl=1&resize=350%2C200 1x, https:\/\/i0.wp.com\/paulaibanez.cl\/blog\/wp-content\/uploads\/2020\/12\/Captura-de-Pantalla-2020-12-04-a-las-09.07.59.png?fit=632%2C504&ssl=1&resize=525%2C300 1.5x"},"classes":[]},{"id":681,"url":"https:\/\/paulaibanez.cl\/blog\/como-te-afecta-la-negatividad-en-tu-desempeno-y-bienestar\/","url_meta":{"origin":277,"position":2},"title":"C\u00f3mo te afecta la negatividad en tu desempe\u00f1o y bienestar","author":"Paula Iba\u00f1ez","date":"6 noviembre, 2020","format":false,"excerpt":"Iniciar la ma\u00f1ana con un estado de \u00e1nimo negativo puede \u201coscurecer\u201d tu d\u00eda m\u00e1s de lo que te imaginas, deteriorando tu bienestar y desempe\u00f1o laboral.\u00a0 No es lo mismo empezar bien el d\u00eda, con tiempo, tomando un buen desayuno, que corriendo de ac\u00e1 para all\u00e1, medio comiendo algo mientras te\u2026","rel":"","context":"En \u00abcoaching\u00bb","block_context":{"text":"coaching","link":"https:\/\/paulaibanez.cl\/blog\/category\/coaching\/"},"img":{"alt_text":"Como la negatividad afecta tu desempe\u00f1o","src":"https:\/\/i0.wp.com\/paulaibanez.cl\/blog\/wp-content\/uploads\/2020\/11\/Diseno-sin-titulo-17.jpg?fit=1200%2C960&ssl=1&resize=350%2C200","width":350,"height":200,"srcset":"https:\/\/i0.wp.com\/paulaibanez.cl\/blog\/wp-content\/uploads\/2020\/11\/Diseno-sin-titulo-17.jpg?fit=1200%2C960&ssl=1&resize=350%2C200 1x, https:\/\/i0.wp.com\/paulaibanez.cl\/blog\/wp-content\/uploads\/2020\/11\/Diseno-sin-titulo-17.jpg?fit=1200%2C960&ssl=1&resize=525%2C300 1.5x, https:\/\/i0.wp.com\/paulaibanez.cl\/blog\/wp-content\/uploads\/2020\/11\/Diseno-sin-titulo-17.jpg?fit=1200%2C960&ssl=1&resize=700%2C400 2x, https:\/\/i0.wp.com\/paulaibanez.cl\/blog\/wp-content\/uploads\/2020\/11\/Diseno-sin-titulo-17.jpg?fit=1200%2C960&ssl=1&resize=1050%2C600 3x"},"classes":[]},{"id":224,"url":"https:\/\/paulaibanez.cl\/blog\/reir-quema-calorias-incluso-cuando-trabajas\/","url_meta":{"origin":277,"position":3},"title":"Re\u00edr quema calor\u00edas, incluso cuando trabajas","author":"Paula Iba\u00f1ez","date":"27 enero, 2016","format":false,"excerpt":"Incorporar a equipos laborales o a tu c\u00edrculo \u00edntimo personas motivadas, apasionadas, comprometidas y con un gran sentido del humor es una idea brillante. \u00bfLa raz\u00f3n? Re\u00edr mientras trabajas, compartes con otros, har\u00e1 que m\u00e1s f\u00e1cilmente logres tus objetivos laborales y personales. Adem\u00e1s, se queman calor\u00edas, algo que se agradece,\u2026","rel":"","context":"En \u00abRecursos Humanos\u00bb","block_context":{"text":"Recursos Humanos","link":"https:\/\/paulaibanez.cl\/blog\/category\/recursos-humanos\/"},"img":{"alt_text":"","src":"https:\/\/i0.wp.com\/paulaibanez.cl\/blog\/wp-content\/uploads\/2016\/01\/Blog-Paula-36.png?fit=818%2C642&ssl=1&resize=350%2C200","width":350,"height":200,"srcset":"https:\/\/i0.wp.com\/paulaibanez.cl\/blog\/wp-content\/uploads\/2016\/01\/Blog-Paula-36.png?fit=818%2C642&ssl=1&resize=350%2C200 1x, https:\/\/i0.wp.com\/paulaibanez.cl\/blog\/wp-content\/uploads\/2016\/01\/Blog-Paula-36.png?fit=818%2C642&ssl=1&resize=525%2C300 1.5x, https:\/\/i0.wp.com\/paulaibanez.cl\/blog\/wp-content\/uploads\/2016\/01\/Blog-Paula-36.png?fit=818%2C642&ssl=1&resize=700%2C400 2x"},"classes":[]},{"id":236,"url":"https:\/\/paulaibanez.cl\/blog\/los-efectos-nocivos-del-insomnio-y-como-gestionarlo\/","url_meta":{"origin":277,"position":4},"title":"Los efectos nocivos del insomnio y c\u00f3mo gestionarlo","author":"Paula Iba\u00f1ez","date":"3 febrero, 2016","format":false,"excerpt":"El insomnio tiene efectos nocivos para la salud como para el desempe\u00f1o laboral predisponiendo a un mal juicio, falta de autocontrol\u00a0\u00a0y menor creatividad. \u00bfCu\u00e1ntas horas son las necesarias para dormir? La Cl\u00ednica Mayo en su web entrega una pauta sobre las horas recomendadas de sue\u00f1o para un adulto, indica que\u2026","rel":"","context":"En \u00abcoaching\u00bb","block_context":{"text":"coaching","link":"https:\/\/paulaibanez.cl\/blog\/category\/coaching\/"},"img":{"alt_text":"Los efectos del insomnio y como gestionarlo","src":"https:\/\/i0.wp.com\/paulaibanez.cl\/blog\/wp-content\/uploads\/2016\/02\/Diseno-sin-titulo.jpg?fit=1200%2C960&ssl=1&resize=350%2C200","width":350,"height":200,"srcset":"https:\/\/i0.wp.com\/paulaibanez.cl\/blog\/wp-content\/uploads\/2016\/02\/Diseno-sin-titulo.jpg?fit=1200%2C960&ssl=1&resize=350%2C200 1x, https:\/\/i0.wp.com\/paulaibanez.cl\/blog\/wp-content\/uploads\/2016\/02\/Diseno-sin-titulo.jpg?fit=1200%2C960&ssl=1&resize=525%2C300 1.5x, https:\/\/i0.wp.com\/paulaibanez.cl\/blog\/wp-content\/uploads\/2016\/02\/Diseno-sin-titulo.jpg?fit=1200%2C960&ssl=1&resize=700%2C400 2x, https:\/\/i0.wp.com\/paulaibanez.cl\/blog\/wp-content\/uploads\/2016\/02\/Diseno-sin-titulo.jpg?fit=1200%2C960&ssl=1&resize=1050%2C600 3x"},"classes":[]},{"id":844,"url":"https:\/\/paulaibanez.cl\/blog\/como-entender-el-liderazgo-3d-y-su-flexibilidad-de-gestion\/","url_meta":{"origin":277,"position":5},"title":"C\u00f3mo entender el liderazgo 3D y su flexibilidad de gesti\u00f3n","author":"Paula Iba\u00f1ez","date":"11 diciembre, 2020","format":false,"excerpt":"El liderazgo 3D permite usar la versatilidad para interpretar situaciones y definir el estilo mas apropiado a usar en ese momento. Tienes potencial para\u00a0ser l\u00edder, trabajas en equipo, tus compa\u00f1eros te reconocen y respetan. Tal vez, ya eres un\u00a0l\u00edder consolidado, pero sabes que puedes mejorar. Quieres buscar cual es el\u00a0estilo\u2026","rel":"","context":"En \u00abequipos alto rendimiento\u00bb","block_context":{"text":"equipos alto rendimiento","link":"https:\/\/paulaibanez.cl\/blog\/category\/equipos-alto-rendimiento\/"},"img":{"alt_text":"C\u00f3mo entender el liderazgo 3D y su flexibilidad de gesti\u00f3n","src":"https:\/\/i0.wp.com\/paulaibanez.cl\/blog\/wp-content\/uploads\/2020\/12\/Diseno-sin-titulo-1.jpg?fit=1200%2C960&ssl=1&resize=350%2C200","width":350,"height":200,"srcset":"https:\/\/i0.wp.com\/paulaibanez.cl\/blog\/wp-content\/uploads\/2020\/12\/Diseno-sin-titulo-1.jpg?fit=1200%2C960&ssl=1&resize=350%2C200 1x, https:\/\/i0.wp.com\/paulaibanez.cl\/blog\/wp-content\/uploads\/2020\/12\/Diseno-sin-titulo-1.jpg?fit=1200%2C960&ssl=1&resize=525%2C300 1.5x, https:\/\/i0.wp.com\/paulaibanez.cl\/blog\/wp-content\/uploads\/2020\/12\/Diseno-sin-titulo-1.jpg?fit=1200%2C960&ssl=1&resize=700%2C400 2x, https:\/\/i0.wp.com\/paulaibanez.cl\/blog\/wp-content\/uploads\/2020\/12\/Diseno-sin-titulo-1.jpg?fit=1200%2C960&ssl=1&resize=1050%2C600 3x"},"classes":[]}],"jetpack_likes_enabled":true,"_links":{"self":[{"href":"https:\/\/paulaibanez.cl\/blog\/wp-json\/wp\/v2\/posts\/277","targetHints":{"allow":["GET"]}}],"collection":[{"href":"https:\/\/paulaibanez.cl\/blog\/wp-json\/wp\/v2\/posts"}],"about":[{"href":"https:\/\/paulaibanez.cl\/blog\/wp-json\/wp\/v2\/types\/post"}],"author":[{"embeddable":true,"href":"https:\/\/paulaibanez.cl\/blog\/wp-json\/wp\/v2\/users\/3"}],"replies":[{"embeddable":true,"href":"https:\/\/paulaibanez.cl\/blog\/wp-json\/wp\/v2\/comments?post=277"}],"version-history":[{"count":10,"href":"https:\/\/paulaibanez.cl\/blog\/wp-json\/wp\/v2\/posts\/277\/revisions"}],"predecessor-version":[{"id":1137,"href":"https:\/\/paulaibanez.cl\/blog\/wp-json\/wp\/v2\/posts\/277\/revisions\/1137"}],"wp:featuredmedia":[{"embeddable":true,"href":"https:\/\/paulaibanez.cl\/blog\/wp-json\/wp\/v2\/media\/1129"}],"wp:attachment":[{"href":"https:\/\/paulaibanez.cl\/blog\/wp-json\/wp\/v2\/media?parent=277"}],"wp:term":[{"taxonomy":"category","embeddable":true,"href":"https:\/\/paulaibanez.cl\/blog\/wp-json\/wp\/v2\/categories?post=277"},{"taxonomy":"post_tag","embeddable":true,"href":"https:\/\/paulaibanez.cl\/blog\/wp-json\/wp\/v2\/tags?post=277"}],"curies":[{"name":"wp","href":"https:\/\/api.w.org\/{rel}","templated":true}]}}