{"id":281,"date":"2016-03-09T20:14:01","date_gmt":"2016-03-09T23:14:01","guid":{"rendered":"http:\/\/paulaibanez.cl\/aromasdeluna\/?p=281"},"modified":"2020-07-16T16:39:18","modified_gmt":"2020-07-16T20:39:18","slug":"el-principal-enemigo-de-la-creatividad","status":"publish","type":"post","link":"https:\/\/paulaibanez.cl\/blog\/el-principal-enemigo-de-la-creatividad\/","title":{"rendered":"El principal enemigo de la creatividad"},"content":{"rendered":"<p><a href=\"https:\/\/i0.wp.com\/paulaibanez.cl\/aromasdeluna\/wp-content\/uploads\/2016\/03\/11223597_869728913100173_4104614673373246745_n.png\" rel=\"attachment wp-att-282\"><img data-recalc-dims=\"1\" loading=\"lazy\" decoding=\"async\" data-attachment-id=\"282\" data-permalink=\"https:\/\/paulaibanez.cl\/blog\/el-principal-enemigo-de-la-creatividad\/11223597_869728913100173_4104614673373246745_n\/\" data-orig-file=\"https:\/\/i0.wp.com\/paulaibanez.cl\/blog\/wp-content\/uploads\/2016\/03\/11223597_869728913100173_4104614673373246745_n.png?fit=940%2C788&amp;ssl=1\" data-orig-size=\"940,788\" data-comments-opened=\"1\" data-image-meta=\"{&quot;aperture&quot;:&quot;0&quot;,&quot;credit&quot;:&quot;&quot;,&quot;camera&quot;:&quot;&quot;,&quot;caption&quot;:&quot;&quot;,&quot;created_timestamp&quot;:&quot;0&quot;,&quot;copyright&quot;:&quot;&quot;,&quot;focal_length&quot;:&quot;0&quot;,&quot;iso&quot;:&quot;0&quot;,&quot;shutter_speed&quot;:&quot;0&quot;,&quot;title&quot;:&quot;&quot;,&quot;orientation&quot;:&quot;0&quot;}\" data-image-title=\"El principal enemigo de la creatividad\" data-image-description=\"\" data-image-caption=\"\" data-large-file=\"https:\/\/i0.wp.com\/paulaibanez.cl\/blog\/wp-content\/uploads\/2016\/03\/11223597_869728913100173_4104614673373246745_n.png?fit=940%2C788&amp;ssl=1\" class=\"lazyload size-medium wp-image-282 alignright\" src=\"https:\/\/i0.wp.com\/paulaibanez.cl\/aromasdeluna\/wp-content\/uploads\/2016\/03\/11223597_869728913100173_4104614673373246745_n-300x251.png?resize=300%2C251\" data-orig-src=\"http:\/\/paulaibanez.cl\/aromasdeluna\/wp-content\/uploads\/2016\/03\/11223597_869728913100173_4104614673373246745_n-300x251.png\" alt=\"El principal enemigo de la creatividad\" width=\"300\" height=\"251\" srcset=\"data:image\/svg+xml,%3Csvg%20xmlns%3D%27http%3A%2F%2Fwww.w3.org%2F2000%2Fsvg%27%20width%3D%27300%27%20height%3D%27251%27%20viewBox%3D%270%200%20300%20251%27%3E%3Crect%20width%3D%27300%27%20height%3D%273251%27%20fill-opacity%3D%220%22%2F%3E%3C%2Fsvg%3E\" data-srcset=\"https:\/\/i0.wp.com\/paulaibanez.cl\/blog\/wp-content\/uploads\/2016\/03\/11223597_869728913100173_4104614673373246745_n.png?resize=300%2C251&amp;ssl=1 300w, https:\/\/i0.wp.com\/paulaibanez.cl\/blog\/wp-content\/uploads\/2016\/03\/11223597_869728913100173_4104614673373246745_n.png?resize=768%2C644&amp;ssl=1 768w, https:\/\/i0.wp.com\/paulaibanez.cl\/blog\/wp-content\/uploads\/2016\/03\/11223597_869728913100173_4104614673373246745_n.png?fit=940%2C788&amp;ssl=1 940w\" data-sizes=\"auto\" data-orig-sizes=\"auto, (max-width: 300px) 100vw, 300px\" \/><\/a>Hoy en d\u00eda la creatividad no est\u00e1 solo reservada para las agencias de publicidad, donde las personas que trabajan ah\u00ed, deben d\u00eda a d\u00eda crear ideas, campa\u00f1as, soluciones que le gusten al cliente y que obtenga los resultados deseados con el p\u00fablico. Si no en muchos puestos laborales es importante ser creativo para remediar conflictos, estimular al equipo y encontrar maneras distintas para abrir puertas que se cierran. La creatividad est\u00e1 siendo abatida por su principal enemigo: el estr\u00e9s.<!--more--><\/p>\n<p>Cuando se pierde el equilibrio en el interior por todos los est\u00edmulos externos y los pensamientos angustiantes, hacen estar en un estado de estr\u00e9s. La mente anal\u00edtica se acelera y estimula. Se analizan demasiado las cosas, pero de una manera superficial, no hay tiempo para ir a lo profundo, el cuerpo cree que su vida est\u00e1 siendo amenazada por lo que no hay tiempo para estudiar las situaciones. Se entrega lo m\u00ednimo en una propuesta, sobre todo en algunos rubros, \u201cdonde todo es para ayer\u201d, se vive constantemente apagando incendios. No son ambientes propicios para la creatividad. Muchas veces los gerentes se sienten tentados a cambiar las personas por falta de nuevas ideas, pero la cosa no pasa por ah\u00ed, sino por crear ambientes sin estr\u00e9s para motivar al equipo.<\/p>\n<p>Recuerden que el estr\u00e9s es un mecanismo de sobrevivencia milenario creado para protegernos de situaciones de riesgo donde reaccionamos huyendo o atacando, prepara al cuerpo para una emergencia. Te vuelves ego\u00edsta porque el estr\u00e9s te hace creer que est\u00e1s en peligro, deben ahorrarse energ\u00edas y recursos, no puede compartirse, no se piensa en ser generoso con compa\u00f1eros de trabajo, colaborar, prestar informaci\u00f3n.<\/p>\n<p>Cada d\u00eda recibo m\u00e1s personas que llegan a los procesos de coaching buscando equilibrar su vida profesional y personal, ya que el estr\u00e9s y sobrecarga laboral no se los permite. Como as\u00ed mismo, en las organizaciones, aunque no es la causa principal de consulta, terminan siendo una revelaci\u00f3n en casi todos los procesos y talleres.<\/p>\n<p>Si quieres lograr resultados magn\u00edficos en tu equipo, en tu trabajo, ideas que vayan m\u00e1s all\u00e1 de lo m\u00ednimo, f\u00edjate en qu\u00e9 condiciones est\u00e1s laborando, el lugar, cu\u00e1ntas horas al d\u00eda est\u00e1s frente a la pantalla. \u00bfCreas divirti\u00e9ndote? \u00bfQu\u00e9 cosas necesitas para tener un ambiente sin estr\u00e9s?<\/p>\n<p>Escuchar m\u00fasica, hacer pausas y recreos durante el d\u00eda, ayuda mucho. Como incluir espacios para la meditaci\u00f3n y el relax. Por supuesto que no debe abusarse de esto y que se vuelva un espacio netamente destinado a horas de ocio sin producci\u00f3n, porque eso hace insostenible esta pr\u00e1ctica y espacios en el tiempo.<\/p>\n<p>Comida saludable y en los horarios adecuados, respetar horas de sue\u00f1o. El autocuidado es fundamental.<\/p>\n<p>Si crees que tu creatividad est\u00e1 siendo anulada, es el momento de pedir ayuda.<\/p>\n<p>Como he escrito en otros post de mi blog, cuando quiero ser creativa, coloco en mi oficina un difusor con aceite esencial de Petit grain y echo a volar mi imaginaci\u00f3n.<\/p>\n<p>&nbsp;<\/p>\n","protected":false},"excerpt":{"rendered":"<p>Hoy en d\u00eda la creatividad no est\u00e1 solo reservada para las agencias de publicidad, donde las personas que trabajan ah\u00ed, deben d\u00eda a d\u00eda crear ideas, campa\u00f1as, soluciones que le gusten al cliente y que obtenga los resultados deseados con el p\u00fablico. Si no en muchos puestos laborales es importante ser creativo para remediar conflictos, estimular al equipo y encontrar maneras [&hellip;]<\/p>\n","protected":false},"author":3,"featured_media":0,"comment_status":"open","ping_status":"open","sticky":false,"template":"","format":"standard","meta":{"jetpack_post_was_ever_published":false,"_jetpack_newsletter_access":"","_jetpack_dont_email_post_to_subs":true,"_jetpack_newsletter_tier_id":0,"_jetpack_memberships_contains_paywalled_content":false,"_jetpack_memberships_contains_paid_content":false,"footnotes":"","jetpack_publicize_message":"","jetpack_publicize_feature_enabled":true,"jetpack_social_post_already_shared":true,"jetpack_social_options":{"image_generator_settings":{"template":"highway","default_image_id":0,"font":"","enabled":false},"version":2}},"categories":[102],"tags":[5,76,199,198,20,200,30,105],"class_list":["post-281","post","type-post","status-publish","format-standard","hentry","category-recursos-humanos","tag-aceites-esenciales","tag-creatividad","tag-egoismo","tag-enemigos","tag-estres","tag-motivacion","tag-petit-grain","tag-recursos-humanos"],"aioseo_notices":[],"jetpack_publicize_connections":[],"jetpack_featured_media_url":"","jetpack_sharing_enabled":true,"jetpack_shortlink":"https:\/\/wp.me\/p6aqPL-4x","jetpack-related-posts":[{"id":261,"url":"https:\/\/paulaibanez.cl\/blog\/el-olvido-de-las-cosas-importantes-y-las-no-tanto\/","url_meta":{"origin":281,"position":0},"title":"El olvido de las cosas importantes y las no tanto","author":"Paula Iba\u00f1ez","date":"17 febrero, 2016","format":false,"excerpt":"\u00bfTe ha pasado que te piden entregar un informe o que devuelvas una llamada de tel\u00e9fono a una persona y lo olvidas? O que no recuerdas una fecha importante como un aniversario o el cumplea\u00f1os de tu mam\u00e1 (muchas madres lamentablemente no tienen Facebook, que ayuda recordando con las notificaciones).\u2026","rel":"","context":"En \u00abRecursos Humanos\u00bb","block_context":{"text":"Recursos Humanos","link":"https:\/\/paulaibanez.cl\/blog\/category\/recursos-humanos\/"},"img":{"alt_text":"El olvido de las cosas importantes y las no tanto","src":"https:\/\/i0.wp.com\/paulaibanez.cl\/aromasdeluna\/wp-content\/uploads\/2016\/02\/olvido-201x300.png?resize=350%2C200","width":350,"height":200},"classes":[]},{"id":216,"url":"https:\/\/paulaibanez.cl\/blog\/como-tomar-las-mejores-decisiones-neurociencia-aplicada-a-las-organizaciones\/","url_meta":{"origin":281,"position":1},"title":"C\u00f3mo tomar las mejores decisiones: Neurociencia aplicada a las organizaciones","author":"Paula Iba\u00f1ez","date":"19 enero, 2016","format":false,"excerpt":"En la realidad del d\u00eda de hoy, donde los cambios y los eventos inesperados son parte de las rutinas en las empresas y de la vida diaria de las personas, los aportes que hicieron algunos modelos de gesti\u00f3n, liderazgo, con f\u00f3rmulas orientadas a encontrar las soluciones en el afuera, necesitan\u2026","rel":"","context":"En \u00abRecursos Humanos\u00bb","block_context":{"text":"Recursos Humanos","link":"https:\/\/paulaibanez.cl\/blog\/category\/recursos-humanos\/"},"img":{"alt_text":"C\u00f3mo tomar las mejores decisiones: Neurociencia aplicada a las organizaciones","src":"https:\/\/i0.wp.com\/paulaibanez.cl\/aromasdeluna\/wp-content\/uploads\/2016\/01\/Captura-de-pantalla-2015-12-18-a-las-21.05.473-282x300.png?resize=350%2C200","width":350,"height":200},"classes":[]},{"id":91,"url":"https:\/\/paulaibanez.cl\/blog\/manejo-de-estres-en-las-organizaciones\/","url_meta":{"origin":281,"position":2},"title":"Manejo de estr\u00e9s en las organizaciones","author":"Paula Iba\u00f1ez","date":"31 mayo, 2015","format":false,"excerpt":"Hay muchos mitos en relaci\u00f3n al estr\u00e9s, sin tener claro qu\u00e9 es, ni c\u00f3mo enfrentarlo. El estr\u00e9s, no es algo malo, es una estrategia adaptativa del cuerpo El estr\u00e9s sucede cuando el cerebro est\u00e1 siendo expuesto a conflictos, exceso de trabajo, exigencias que superan la etapa en que una persona\u2026","rel":"","context":"En \u00abequipos alto rendimiento\u00bb","block_context":{"text":"equipos alto rendimiento","link":"https:\/\/paulaibanez.cl\/blog\/category\/equipos-alto-rendimiento\/"},"img":{"alt_text":"Gesti\u00f3n de estr\u00e9s","src":"https:\/\/i0.wp.com\/paulaibanez.cl\/blog\/wp-content\/uploads\/2015\/05\/1.jpg?fit=1200%2C960&ssl=1&resize=350%2C200","width":350,"height":200,"srcset":"https:\/\/i0.wp.com\/paulaibanez.cl\/blog\/wp-content\/uploads\/2015\/05\/1.jpg?fit=1200%2C960&ssl=1&resize=350%2C200 1x, https:\/\/i0.wp.com\/paulaibanez.cl\/blog\/wp-content\/uploads\/2015\/05\/1.jpg?fit=1200%2C960&ssl=1&resize=525%2C300 1.5x, https:\/\/i0.wp.com\/paulaibanez.cl\/blog\/wp-content\/uploads\/2015\/05\/1.jpg?fit=1200%2C960&ssl=1&resize=700%2C400 2x, https:\/\/i0.wp.com\/paulaibanez.cl\/blog\/wp-content\/uploads\/2015\/05\/1.jpg?fit=1200%2C960&ssl=1&resize=1050%2C600 3x"},"classes":[]},{"id":124,"url":"https:\/\/paulaibanez.cl\/blog\/resiliencia-capacidad-de-sobreponerse-a-la-adversidad\/","url_meta":{"origin":281,"position":3},"title":"Resiliencia: capacidad de sobreponerse a la adversidad","author":"Paula Iba\u00f1ez","date":"17 junio, 2015","format":false,"excerpt":"La resiliencia es la capacidad de sobreponerse a la adversidad permitiendo a las personas que viven momentos dif\u00edciles salir fortalecidas de ellos. Las situaciones complicadas y el dolor emocional, muchas veces permiten a las personas que las enfrentan el salir fortalecidos de estos eventos. \u00bfA qu\u00e9 se debe que algunos\u2026","rel":"","context":"En \u00abcoaching\u00bb","block_context":{"text":"coaching","link":"https:\/\/paulaibanez.cl\/blog\/category\/coaching\/"},"img":{"alt_text":"Resiliencia: como superar la adversidad","src":"https:\/\/i0.wp.com\/paulaibanez.cl\/blog\/wp-content\/uploads\/2015\/06\/Diseno-sin-titulo-6.jpg?fit=1200%2C960&ssl=1&resize=350%2C200","width":350,"height":200,"srcset":"https:\/\/i0.wp.com\/paulaibanez.cl\/blog\/wp-content\/uploads\/2015\/06\/Diseno-sin-titulo-6.jpg?fit=1200%2C960&ssl=1&resize=350%2C200 1x, https:\/\/i0.wp.com\/paulaibanez.cl\/blog\/wp-content\/uploads\/2015\/06\/Diseno-sin-titulo-6.jpg?fit=1200%2C960&ssl=1&resize=525%2C300 1.5x, https:\/\/i0.wp.com\/paulaibanez.cl\/blog\/wp-content\/uploads\/2015\/06\/Diseno-sin-titulo-6.jpg?fit=1200%2C960&ssl=1&resize=700%2C400 2x, https:\/\/i0.wp.com\/paulaibanez.cl\/blog\/wp-content\/uploads\/2015\/06\/Diseno-sin-titulo-6.jpg?fit=1200%2C960&ssl=1&resize=1050%2C600 3x"},"classes":[]},{"id":220,"url":"https:\/\/paulaibanez.cl\/blog\/colaborar-con-otros-mejora-tu-salud\/","url_meta":{"origin":281,"position":4},"title":"Colaborar con otros mejora tu salud","author":"Paula Iba\u00f1ez","date":"25 enero, 2016","format":false,"excerpt":"Colaborar, ayudar a otros ya sea en tu oficina, en la casa o a los amigos, a veces se vuelve una tarea tit\u00e1nica. Las razones son variadas, desde que no hay tiempo, poca energ\u00eda para realizar tareas de otros, como la no empat\u00eda con los compa\u00f1eros de trabajo. Pero \u00bfsi\u2026","rel":"","context":"En \u00abRecursos Humanos\u00bb","block_context":{"text":"Recursos Humanos","link":"https:\/\/paulaibanez.cl\/blog\/category\/recursos-humanos\/"},"img":{"alt_text":"","src":"https:\/\/i0.wp.com\/paulaibanez.cl\/blog\/wp-content\/uploads\/2016\/01\/Blog-Paula-35.png?fit=436%2C650&ssl=1&resize=350%2C200","width":350,"height":200},"classes":[]},{"id":189,"url":"https:\/\/paulaibanez.cl\/blog\/el-arte-de-unir-las-situaciones-de-tu-vida\/","url_meta":{"origin":281,"position":5},"title":"El Arte de Unir las Situaciones de Tu Vida","author":"Paula Iba\u00f1ez","date":"12 agosto, 2015","format":false,"excerpt":"\u00bfCu\u00e1ntas cosas que has aprendido y vivido, hoy ocupas de una manera casi autom\u00e1tica, sin registrar el inicio de la ense\u00f1anza? \u00bfCu\u00e1nto recuerdo, hoy unido con el presente se transforma en algo distinto? Esa es la magia de unir cada pedazo, como si fuera un rompecabezas. Cuando crees que est\u00e1\u2026","rel":"","context":"En \u00abRecursos Humanos\u00bb","block_context":{"text":"Recursos Humanos","link":"https:\/\/paulaibanez.cl\/blog\/category\/recursos-humanos\/"},"img":{"alt_text":"El Arte de Unir las Situaciones de Tu Vida","src":"https:\/\/i0.wp.com\/paulaibanez.cl\/aromasdeluna\/wp-content\/uploads\/2015\/08\/Blog-Paula-31-225x300.jpg?resize=350%2C200","width":350,"height":200},"classes":[]}],"jetpack_likes_enabled":true,"_links":{"self":[{"href":"https:\/\/paulaibanez.cl\/blog\/wp-json\/wp\/v2\/posts\/281","targetHints":{"allow":["GET"]}}],"collection":[{"href":"https:\/\/paulaibanez.cl\/blog\/wp-json\/wp\/v2\/posts"}],"about":[{"href":"https:\/\/paulaibanez.cl\/blog\/wp-json\/wp\/v2\/types\/post"}],"author":[{"embeddable":true,"href":"https:\/\/paulaibanez.cl\/blog\/wp-json\/wp\/v2\/users\/3"}],"replies":[{"embeddable":true,"href":"https:\/\/paulaibanez.cl\/blog\/wp-json\/wp\/v2\/comments?post=281"}],"version-history":[{"count":1,"href":"https:\/\/paulaibanez.cl\/blog\/wp-json\/wp\/v2\/posts\/281\/revisions"}],"predecessor-version":[{"id":283,"href":"https:\/\/paulaibanez.cl\/blog\/wp-json\/wp\/v2\/posts\/281\/revisions\/283"}],"wp:attachment":[{"href":"https:\/\/paulaibanez.cl\/blog\/wp-json\/wp\/v2\/media?parent=281"}],"wp:term":[{"taxonomy":"category","embeddable":true,"href":"https:\/\/paulaibanez.cl\/blog\/wp-json\/wp\/v2\/categories?post=281"},{"taxonomy":"post_tag","embeddable":true,"href":"https:\/\/paulaibanez.cl\/blog\/wp-json\/wp\/v2\/tags?post=281"}],"curies":[{"name":"wp","href":"https:\/\/api.w.org\/{rel}","templated":true}]}}