{"id":288,"date":"2016-03-16T12:45:12","date_gmt":"2016-03-16T16:45:12","guid":{"rendered":"http:\/\/paulaibanez.cl\/aromasdeluna\/?p=288"},"modified":"2020-07-16T16:39:10","modified_gmt":"2020-07-16T20:39:10","slug":"cuando-hay-duda-no-hay-duda","status":"publish","type":"post","link":"https:\/\/paulaibanez.cl\/blog\/cuando-hay-duda-no-hay-duda\/","title":{"rendered":"Cuando hay duda, no hay duda"},"content":{"rendered":"<p><a href=\"https:\/\/i0.wp.com\/paulaibanez.cl\/aromasdeluna\/wp-content\/uploads\/2016\/03\/Captura-de-pantalla-2016-03-16-a-las-12.39.12.png\" rel=\"attachment wp-att-286\"><img data-recalc-dims=\"1\" loading=\"lazy\" decoding=\"async\" data-attachment-id=\"286\" data-permalink=\"https:\/\/paulaibanez.cl\/blog\/captura-de-pantalla-2016-03-16-a-las-12-39-12\/\" data-orig-file=\"https:\/\/i0.wp.com\/paulaibanez.cl\/blog\/wp-content\/uploads\/2016\/03\/Captura-de-pantalla-2016-03-16-a-las-12.39.12.png?fit=864%2C630&amp;ssl=1\" data-orig-size=\"864,630\" data-comments-opened=\"1\" data-image-meta=\"{&quot;aperture&quot;:&quot;0&quot;,&quot;credit&quot;:&quot;&quot;,&quot;camera&quot;:&quot;&quot;,&quot;caption&quot;:&quot;&quot;,&quot;created_timestamp&quot;:&quot;0&quot;,&quot;copyright&quot;:&quot;&quot;,&quot;focal_length&quot;:&quot;0&quot;,&quot;iso&quot;:&quot;0&quot;,&quot;shutter_speed&quot;:&quot;0&quot;,&quot;title&quot;:&quot;&quot;,&quot;orientation&quot;:&quot;0&quot;}\" data-image-title=\"Cuando hay duda, no hay duda\" data-image-description=\"\" data-image-caption=\"\" data-large-file=\"https:\/\/i0.wp.com\/paulaibanez.cl\/blog\/wp-content\/uploads\/2016\/03\/Captura-de-pantalla-2016-03-16-a-las-12.39.12.png?fit=864%2C630&amp;ssl=1\" class=\"lazyload size-medium wp-image-286 alignright\" src=\"https:\/\/i0.wp.com\/paulaibanez.cl\/aromasdeluna\/wp-content\/uploads\/2016\/03\/Captura-de-pantalla-2016-03-16-a-las-12.39.12-300x219.png?resize=300%2C219\" data-orig-src=\"http:\/\/paulaibanez.cl\/aromasdeluna\/wp-content\/uploads\/2016\/03\/Captura-de-pantalla-2016-03-16-a-las-12.39.12-300x219.png\" alt=\"Cuando hay duda, no hay duda\" width=\"300\" height=\"219\" srcset=\"data:image\/svg+xml,%3Csvg%20xmlns%3D%27http%3A%2F%2Fwww.w3.org%2F2000%2Fsvg%27%20width%3D%27300%27%20height%3D%27219%27%20viewBox%3D%270%200%20300%20219%27%3E%3Crect%20width%3D%27300%27%20height%3D%273219%27%20fill-opacity%3D%220%22%2F%3E%3C%2Fsvg%3E\" data-srcset=\"https:\/\/i0.wp.com\/paulaibanez.cl\/blog\/wp-content\/uploads\/2016\/03\/Captura-de-pantalla-2016-03-16-a-las-12.39.12.png?resize=300%2C219&amp;ssl=1 300w, https:\/\/i0.wp.com\/paulaibanez.cl\/blog\/wp-content\/uploads\/2016\/03\/Captura-de-pantalla-2016-03-16-a-las-12.39.12.png?resize=768%2C560&amp;ssl=1 768w, https:\/\/i0.wp.com\/paulaibanez.cl\/blog\/wp-content\/uploads\/2016\/03\/Captura-de-pantalla-2016-03-16-a-las-12.39.12.png?fit=864%2C630&amp;ssl=1 864w\" data-sizes=\"auto\" data-orig-sizes=\"auto, (max-width: 300px) 100vw, 300px\" \/><\/a>As\u00ed me explicaba una profesora que tuve en Argentina, cada vez que le preguntaba algo, yo iniciaba mi frase diciendo \u201cTengo una duda en relaci\u00f3n a qu\u00e9 acci\u00f3n tomar con\u2026\u201d y ella me contestaba: \u201cPaula, cuando hay duda, no hay duda\u201d, recuerdo que la primera vez la mir\u00e9 muy sorprendida, no entend\u00ed del todo lo que me manifestaba, pero ha sido una de las frases celebres en mi vida. Palabras que a\u00f1oro constantemente, sobre todo cuando no s\u00e9 qu\u00e9 decisi\u00f3n tomar. <!--more--><\/p>\n<p>Ella quer\u00eda decir que en el fondo uno siempre sabe lo que tiene que hacer, pero no quiere hacerlo. El beneficio de la confusi\u00f3n, de estar en una tiniebla de preocupaciones e incertidumbres, de no saber qu\u00e9 camino tomar, qu\u00e9 acciones seguir, es no tener que hacer las cosas que no se quiere hacer. La raz\u00f3n de no realizarlas es porque implica salir de la zona de confort.<\/p>\n<p>La confusi\u00f3n es un estado que paraliza y de alguna manera pareciera que protege, ya que efectuar cambios, salir de las zonas donde estamos acostumbrados a movernos, es caro energ\u00e9ticamente para el cerebro, hay que invertir energ\u00eda sin hablar del miedo que puede ocasionar. El cerebro tiene como principal misi\u00f3n mantenernos vivos, ya gasta el 20% de lo que nos alimentamos, por lo tanto todo lo nuevo, es un gasto mayor y lo evita. Hay un natural y casi instintivo rechazo.<br \/>\nAyer estuve en una linda charla donde se habl\u00f3 justamente este tema e inmediatamente me vino a la cabeza la frase celebre de Andrea. El orador nos hizo 3 preguntas para que reflexion\u00e1ramos y trabaj\u00e1ramos el tema de la duda.<\/p>\n<p>Se las comparto ac\u00e1, solo toman unos minutos e inmediatamente permite conectarse con uno, despertar y dar algo de luz a un momento de oscuridad y tinieblas:<\/p>\n<p>\u00bfQu\u00e9 dudas tienes hoy?<\/p>\n<p>\u00bfC\u00f3mo te hace sentir?<\/p>\n<p>\u00bfQu\u00e9 estas haciendo o dejas de hacer que atrae la duda en tu vida?<\/p>\n<p>Espero que les sirva, encontrar las certezas en las acciones, el poder sentir que lo que pasa es perfectamente que pase en la vida, es un regalo y una gran tranquilidad.<\/p>\n<p>&nbsp;<\/p>\n","protected":false},"excerpt":{"rendered":"<p>As\u00ed me explicaba una profesora que tuve en Argentina, cada vez que le preguntaba algo, yo iniciaba mi frase diciendo \u201cTengo una duda en relaci\u00f3n a qu\u00e9 acci\u00f3n tomar con\u2026\u201d y ella me contestaba: \u201cPaula, cuando hay duda, no hay duda\u201d, recuerdo que la primera vez la mir\u00e9 muy sorprendida, no entend\u00ed del todo lo que me manifestaba, pero ha sido [&hellip;]<\/p>\n","protected":false},"author":3,"featured_media":0,"comment_status":"open","ping_status":"open","sticky":false,"template":"","format":"standard","meta":{"jetpack_post_was_ever_published":false,"_jetpack_newsletter_access":"","_jetpack_dont_email_post_to_subs":true,"_jetpack_newsletter_tier_id":0,"_jetpack_memberships_contains_paywalled_content":false,"_jetpack_memberships_contains_paid_content":false,"footnotes":"","jetpack_publicize_message":"","jetpack_publicize_feature_enabled":true,"jetpack_social_post_already_shared":true,"jetpack_social_options":{"image_generator_settings":{"template":"highway","default_image_id":0,"font":"","enabled":false},"version":2}},"categories":[102],"tags":[84,205,203,201,204,202],"class_list":["post-288","post","type-post","status-publish","format-standard","hentry","category-recursos-humanos","tag-cerebro","tag-duda","tag-gasto","tag-incertidumbre","tag-miedo","tag-zona-confort"],"aioseo_notices":[],"jetpack_publicize_connections":[],"jetpack_featured_media_url":"","jetpack_sharing_enabled":true,"jetpack_shortlink":"https:\/\/wp.me\/p6aqPL-4E","jetpack-related-posts":[{"id":108,"url":"https:\/\/paulaibanez.cl\/blog\/confianza-en-otros-y-en-las-organizaciones\/","url_meta":{"origin":288,"position":0},"title":"Confianza en otros  y en las organizaciones","author":"Paula Iba\u00f1ez","date":"8 junio, 2015","format":false,"excerpt":"La confianza es una emoci\u00f3n positiva que implica la seguridad que tiene alguien en otra persona o en algo. Es una suspensi\u00f3n temporal de incertidumbre sobre acciones de las personas, se deja de lado la duda y se cree firmemente. La confianza se pierde cuando la otra persona es incapaz\u2026","rel":"","context":"En \u00abRecursos Humanos\u00bb","block_context":{"text":"Recursos Humanos","link":"https:\/\/paulaibanez.cl\/blog\/category\/recursos-humanos\/"},"img":{"alt_text":"Confianza en otros y en las organizaciones.","src":"https:\/\/i0.wp.com\/paulaibanez.cl\/aromasdeluna\/wp-content\/uploads\/2015\/06\/Blog-Paula-12-300x296.jpg?resize=350%2C200","width":350,"height":200},"classes":[]},{"id":308,"url":"https:\/\/paulaibanez.cl\/blog\/el-detector-de-mentiras-infalible\/","url_meta":{"origin":288,"position":1},"title":"El detector de mentiras infalible","author":"Paula Iba\u00f1ez","date":"10 abril, 2016","format":false,"excerpt":"Me recuerdo cuando chica como me impresion\u00f3 la historia del mu\u00f1eco Pinocho, que cada vez que ment\u00eda le crec\u00eda la nariz. Mas de alguna vez me pill\u00e9 mir\u00e1ndome al espejo luego de decir mentiras, especialmente luego que mi abuelita me dec\u00eda \u201cque no me fuera a pasar lo de historia\u2026","rel":"","context":"En \u00abRecursos Humanos\u00bb","block_context":{"text":"Recursos Humanos","link":"https:\/\/paulaibanez.cl\/blog\/category\/recursos-humanos\/"},"img":{"alt_text":"El detector  mentiras infalible","src":"https:\/\/i0.wp.com\/paulaibanez.cl\/aromasdeluna\/wp-content\/uploads\/2016\/04\/30-300x188.jpg?resize=350%2C200","width":350,"height":200},"classes":[]},{"id":560,"url":"https:\/\/paulaibanez.cl\/blog\/adapta-tu-comunicacion-en-tiempo-de-mascarilla\/","url_meta":{"origin":288,"position":2},"title":"Adapta tu comunicaci\u00f3n en tiempo de mascarilla","author":"Paula Iba\u00f1ez","date":"9 octubre, 2020","format":false,"excerpt":"La comunicaci\u00f3n con mascarilla es desafiante, ya que oculta partes del rostro que muestran las micro expresiones que usamos sin pensar y transmiten informaci\u00f3n. Oxford University Press define la comunicaci\u00f3n, como \u201cla\u00a0acci\u00f3n consciente de intercambiar informaci\u00f3n entre dos o m\u00e1s participantes con el fin de transmitir o recibir informaci\u00f3n u\u2026","rel":"","context":"En \u00abequipos alto rendimiento\u00bb","block_context":{"text":"equipos alto rendimiento","link":"https:\/\/paulaibanez.cl\/blog\/category\/equipos-alto-rendimiento\/"},"img":{"alt_text":"Adapta tu comunicaci\u00f3n en tiempo de mascarilla","src":"https:\/\/i0.wp.com\/paulaibanez.cl\/blog\/wp-content\/uploads\/2020\/10\/Diseno-sin-titulo-19.jpg?fit=1080%2C1080&ssl=1&resize=350%2C200","width":350,"height":200,"srcset":"https:\/\/i0.wp.com\/paulaibanez.cl\/blog\/wp-content\/uploads\/2020\/10\/Diseno-sin-titulo-19.jpg?fit=1080%2C1080&ssl=1&resize=350%2C200 1x, https:\/\/i0.wp.com\/paulaibanez.cl\/blog\/wp-content\/uploads\/2020\/10\/Diseno-sin-titulo-19.jpg?fit=1080%2C1080&ssl=1&resize=525%2C300 1.5x, https:\/\/i0.wp.com\/paulaibanez.cl\/blog\/wp-content\/uploads\/2020\/10\/Diseno-sin-titulo-19.jpg?fit=1080%2C1080&ssl=1&resize=700%2C400 2x, https:\/\/i0.wp.com\/paulaibanez.cl\/blog\/wp-content\/uploads\/2020\/10\/Diseno-sin-titulo-19.jpg?fit=1080%2C1080&ssl=1&resize=1050%2C600 3x"},"classes":[]},{"id":331,"url":"https:\/\/paulaibanez.cl\/blog\/como-prestar-atencion-a-tu-atencion\/","url_meta":{"origin":288,"position":3},"title":"\u00bfC\u00f3mo prestar atenci\u00f3n a tu atenci\u00f3n?","author":"Paula Iba\u00f1ez","date":"3 julio, 2020","format":false,"excerpt":"El estr\u00e9s, las distracciones externas en el ambiente, tu propia mente errante, tambi\u00e9n reducen la brecha de atenci\u00f3n, ac\u00e1 tips para mejorarla\u00a0 La\u00a0atenci\u00f3n es un recurso limitado que\u00a0involucra las\u00a0funciones superiores de tu cerebro, por lo tanto, es importante\u00a0decidir\u00a0en que la usas. Para\u00a0 poder lograr tus objetivos, hay que aprender a\u2026","rel":"","context":"En \u00abcoaching\u00bb","block_context":{"text":"coaching","link":"https:\/\/paulaibanez.cl\/blog\/category\/coaching\/"},"img":{"alt_text":"Como prestar atenci\u00f3n a tu atenci\u00f3n","src":"https:\/\/i0.wp.com\/paulaibanez.cl\/blog\/wp-content\/uploads\/2020\/07\/3.jpg?fit=1200%2C960&ssl=1&resize=350%2C200","width":350,"height":200,"srcset":"https:\/\/i0.wp.com\/paulaibanez.cl\/blog\/wp-content\/uploads\/2020\/07\/3.jpg?fit=1200%2C960&ssl=1&resize=350%2C200 1x, https:\/\/i0.wp.com\/paulaibanez.cl\/blog\/wp-content\/uploads\/2020\/07\/3.jpg?fit=1200%2C960&ssl=1&resize=525%2C300 1.5x, https:\/\/i0.wp.com\/paulaibanez.cl\/blog\/wp-content\/uploads\/2020\/07\/3.jpg?fit=1200%2C960&ssl=1&resize=700%2C400 2x, https:\/\/i0.wp.com\/paulaibanez.cl\/blog\/wp-content\/uploads\/2020\/07\/3.jpg?fit=1200%2C960&ssl=1&resize=1050%2C600 3x"},"classes":[]},{"id":202,"url":"https:\/\/paulaibanez.cl\/blog\/me-rompiste-el-corazon-como-trabajo-ahora\/","url_meta":{"origin":288,"position":4},"title":"Me rompiste el coraz\u00f3n \u00bfc\u00f3mo trabajo ahora?","author":"Paula Iba\u00f1ez","date":"23 agosto, 2015","format":false,"excerpt":"El concepto de \u201cromper el coraz\u00f3n\u201d pareci\u00f3 algo abstracto y de novelas por mucho tiempo pero la neurociencia nos ha entregado uno m\u00e1s de sus regalos que es conocer los efectos f\u00edsicos del desamor en el cuerpo y, por supuesto, en el cerebro. El cerebro tiene una zona llamada cingular\u2026","rel":"","context":"En \u00abRecursos Humanos\u00bb","block_context":{"text":"Recursos Humanos","link":"https:\/\/paulaibanez.cl\/blog\/category\/recursos-humanos\/"},"img":{"alt_text":"\u00bfMe rompiste el coraz\u00f3n, c\u00f3mo trabajo ahora?","src":"https:\/\/i0.wp.com\/paulaibanez.cl\/aromasdeluna\/wp-content\/uploads\/2015\/08\/Blog-Paula-33-300x200.jpg?resize=350%2C200","width":350,"height":200},"classes":[]},{"id":305,"url":"https:\/\/paulaibanez.cl\/blog\/ir-mas-alla-de-la-realidad-del-momento\/","url_meta":{"origin":288,"position":5},"title":"Ir M\u00e1s All\u00e1 de la Realidad del Momento","author":"Paula Iba\u00f1ez","date":"6 abril, 2016","format":false,"excerpt":"En ciertos periodos en la vida, cuando todo lo que pasa alrededor de uno pareciera ser negativo, los escenarios no son los esperados, las expectativas no se alcanzan a cumplir, las puertas se cierran una y otra vez. Es el minuto de detenerse, de respirar profundo e ir con la\u2026","rel":"","context":"En \u00abRecursos Humanos\u00bb","block_context":{"text":"Recursos Humanos","link":"https:\/\/paulaibanez.cl\/blog\/category\/recursos-humanos\/"},"img":{"alt_text":"Ir M\u00e1s All\u00e1 de la Realidad del Momento","src":"https:\/\/i0.wp.com\/paulaibanez.cl\/aromasdeluna\/wp-content\/uploads\/2016\/04\/Sin-t%C3%ADtulo-300x230.png?resize=350%2C200","width":350,"height":200},"classes":[]}],"jetpack_likes_enabled":true,"_links":{"self":[{"href":"https:\/\/paulaibanez.cl\/blog\/wp-json\/wp\/v2\/posts\/288","targetHints":{"allow":["GET"]}}],"collection":[{"href":"https:\/\/paulaibanez.cl\/blog\/wp-json\/wp\/v2\/posts"}],"about":[{"href":"https:\/\/paulaibanez.cl\/blog\/wp-json\/wp\/v2\/types\/post"}],"author":[{"embeddable":true,"href":"https:\/\/paulaibanez.cl\/blog\/wp-json\/wp\/v2\/users\/3"}],"replies":[{"embeddable":true,"href":"https:\/\/paulaibanez.cl\/blog\/wp-json\/wp\/v2\/comments?post=288"}],"version-history":[{"count":1,"href":"https:\/\/paulaibanez.cl\/blog\/wp-json\/wp\/v2\/posts\/288\/revisions"}],"predecessor-version":[{"id":289,"href":"https:\/\/paulaibanez.cl\/blog\/wp-json\/wp\/v2\/posts\/288\/revisions\/289"}],"wp:attachment":[{"href":"https:\/\/paulaibanez.cl\/blog\/wp-json\/wp\/v2\/media?parent=288"}],"wp:term":[{"taxonomy":"category","embeddable":true,"href":"https:\/\/paulaibanez.cl\/blog\/wp-json\/wp\/v2\/categories?post=288"},{"taxonomy":"post_tag","embeddable":true,"href":"https:\/\/paulaibanez.cl\/blog\/wp-json\/wp\/v2\/tags?post=288"}],"curies":[{"name":"wp","href":"https:\/\/api.w.org\/{rel}","templated":true}]}}