{"id":313,"date":"2016-04-14T23:13:51","date_gmt":"2016-04-15T02:13:51","guid":{"rendered":"http:\/\/paulaibanez.cl\/aromasdeluna\/?p=313"},"modified":"2021-01-17T11:33:23","modified_gmt":"2021-01-17T14:33:23","slug":"creatividad-la-maxima-competencia-de-liderazgo-en-empresas","status":"publish","type":"post","link":"https:\/\/paulaibanez.cl\/blog\/creatividad-la-maxima-competencia-de-liderazgo-en-empresas\/","title":{"rendered":"Creatividad la m\u00e1xima competencia de liderazgo en empresas"},"content":{"rendered":"\n<h2 class=\"has-text-align-center wp-block-heading\"><em>La creatividad junto con la adaptabilidad son unas de las competencias que m\u00e1s se necesitan para enfrentar un mundo desafiante y cambiante como el que vivimos<\/em><\/h2>\n\n\n\n<p>Ser creativo e innovador son los principales factores cr\u00edticos de \u00e9xito, no solo para las empresas, sino tambi\u00e9n para los l\u00edderes y sus equipos (Shambaugh, 2019).<\/p>\n\n\n\n<p>Ser creativo e innovador no es lo mismo, a pesar que muchas veces se ocupan estas 2 palabras como sin\u00f3nimos y aunque est\u00e1n muy relacionadas tienen diferencias.<\/p>\n\n\n\n<p>La creatividad se trata de generar nuevas ideas relacionadas con un objetivo, encambio la innovaci\u00f3n, se ocupa se hacer realidad esos nuevos conceptos, es por lo tanto la aplicaci\u00f3n real de muchas horas de brainstorming y de reflexi\u00f3n de con tu equipo. La creatividad crea y la innovaci\u00f3n es la acci\u00f3n.<\/p>\n\n\n\n<p>Las&nbsp;<strong><a href=\"https:\/\/paulaibanez.cl\/blog\/mejora-tus-habilidades-para-las-reuniones-virtuales\/\" data-type=\"URL\" data-id=\"https:\/\/paulaibanez.cl\/blog\/mejora-tus-habilidades-para-las-reuniones-virtuales\/\" target=\"_blank\" rel=\"noreferrer noopener\">reunione<\/a>s<\/strong>&nbsp;con tu equipo para ser creativas deber\u00edan generan ideas innovadoras que aporten valor a alguien cuando se lleven a la realidad, ya sea para a un cliente interno o externo.<\/p>\n\n\n\n<p>En un mundo cambiante y desafiante como el que vivimos no podemos seguir dependiendo de las mismas ideas sacadas del pasado, se necesitan nuevas o una adaptaci\u00f3n de ellas, para la&nbsp;<strong><a href=\"https:\/\/paulaibanez.cl\/blog\/9-formas-de-mejorar-por-completo-la-toma-de-decision\/\" data-type=\"URL\" data-id=\"https:\/\/paulaibanez.cl\/blog\/9-formas-de-mejorar-por-completo-la-toma-de-decision\/\" target=\"_blank\" rel=\"noreferrer noopener\">toma de decisiones<\/a><\/strong>.<\/p>\n\n\n\n<h2 class=\"wp-block-heading\">Inspira creatividad fomenta conflictos y debates saludables<\/h2>\n\n\n\n<div class=\"wp-block-image\"><figure class=\"aligncenter size-fusion-600\"><img loading=\"lazy\" decoding=\"async\" width=\"766\" height=\"611\" data-attachment-id=\"970\" data-permalink=\"https:\/\/paulaibanez.cl\/blog\/creatividad-la-maxima-competencia-de-liderazgo-en-empresas\/captura-de-pantalla-2021-01-17-a-las-11-26-45\/\" data-orig-file=\"https:\/\/i0.wp.com\/paulaibanez.cl\/blog\/wp-content\/uploads\/2021\/01\/Captura-de-Pantalla-2021-01-17-a-las-11.26.45.png?fit=766%2C611&amp;ssl=1\" data-orig-size=\"766,611\" data-comments-opened=\"1\" data-image-meta=\"{&quot;aperture&quot;:&quot;0&quot;,&quot;credit&quot;:&quot;&quot;,&quot;camera&quot;:&quot;&quot;,&quot;caption&quot;:&quot;&quot;,&quot;created_timestamp&quot;:&quot;0&quot;,&quot;copyright&quot;:&quot;&quot;,&quot;focal_length&quot;:&quot;0&quot;,&quot;iso&quot;:&quot;0&quot;,&quot;shutter_speed&quot;:&quot;0&quot;,&quot;title&quot;:&quot;&quot;,&quot;orientation&quot;:&quot;0&quot;}\" data-image-title=\"Captura-de-Pantalla-2021-01-17-a-las-11.26.45\" data-image-description=\"\" data-image-caption=\"\" data-large-file=\"https:\/\/i0.wp.com\/paulaibanez.cl\/blog\/wp-content\/uploads\/2021\/01\/Captura-de-Pantalla-2021-01-17-a-las-11.26.45.png?fit=766%2C611&amp;ssl=1\" src=\"https:\/\/i2.wp.com\/paulaibanez.cl\/blog\/wp-content\/uploads\/2021\/01\/Captura-de-Pantalla-2021-01-17-a-las-11.26.45.png?fit=600%2C479&amp;ssl=1\" data-orig-src=\"https:\/\/i2.wp.com\/paulaibanez.cl\/blog\/wp-content\/uploads\/2021\/01\/Captura-de-Pantalla-2021-01-17-a-las-11.26.45.png?fit=600%2C479&amp;ssl=1\" alt=\"\" class=\"lazyload wp-image-970\" srcset=\"data:image\/svg+xml,%3Csvg%20xmlns%3D%27http%3A%2F%2Fwww.w3.org%2F2000%2Fsvg%27%20width%3D%27766%27%20height%3D%27611%27%20viewBox%3D%270%200%20766%20611%27%3E%3Crect%20width%3D%27766%27%20height%3D%273611%27%20fill-opacity%3D%220%22%2F%3E%3C%2Fsvg%3E\" data-srcset=\"https:\/\/i0.wp.com\/paulaibanez.cl\/blog\/wp-content\/uploads\/2021\/01\/Captura-de-Pantalla-2021-01-17-a-las-11.26.45.png?resize=200%2C160&amp;ssl=1 200w, https:\/\/i0.wp.com\/paulaibanez.cl\/blog\/wp-content\/uploads\/2021\/01\/Captura-de-Pantalla-2021-01-17-a-las-11.26.45.png?resize=300%2C239&amp;ssl=1 300w, https:\/\/i0.wp.com\/paulaibanez.cl\/blog\/wp-content\/uploads\/2021\/01\/Captura-de-Pantalla-2021-01-17-a-las-11.26.45.png?resize=400%2C319&amp;ssl=1 400w, https:\/\/i0.wp.com\/paulaibanez.cl\/blog\/wp-content\/uploads\/2021\/01\/Captura-de-Pantalla-2021-01-17-a-las-11.26.45.png?resize=600%2C479&amp;ssl=1 600w, https:\/\/i0.wp.com\/paulaibanez.cl\/blog\/wp-content\/uploads\/2021\/01\/Captura-de-Pantalla-2021-01-17-a-las-11.26.45.png?fit=766%2C611&amp;ssl=1 766w\" data-sizes=\"auto\" data-orig-sizes=\"auto, (max-width: 766px) 100vw, 766px\" \/><\/figure><\/div>\n\n\n\n<p><strong><a href=\"https:\/\/paulaibanez.cl\/blog\/como-entender-el-liderazgo-3d-y-su-flexibilidad-de-gestion\/\" data-type=\"URL\" data-id=\"https:\/\/paulaibanez.cl\/blog\/como-entender-el-liderazgo-3d-y-su-flexibilidad-de-gestion\/\" target=\"_blank\" rel=\"noreferrer noopener\">Los l\u00edderes<\/a><\/strong>&nbsp;necesitan rodearse de un equipo que lo desaf\u00ede y complemente a buscar la mejor manera de resolver situaciones, aunque a veces sea un poco incomodo, ya que necesita mucho manejo de&nbsp;<strong><a href=\"https:\/\/paulaibanez.cl\/blog\/como-liderar-la-diversidad-cognitiva-de-un-equipo\/\" data-type=\"URL\" data-id=\"https:\/\/paulaibanez.cl\/blog\/como-liderar-la-diversidad-cognitiva-de-un-equipo\/\" target=\"_blank\" rel=\"noreferrer noopener\">din\u00e1micas de equipo<\/a><\/strong>,&nbsp;<strong><a href=\"https:\/\/paulaibanez.cl\/blog\/como-la-inteligencia-emocional-mejora-tu-liderazgo\/\" data-type=\"URL\" data-id=\"https:\/\/paulaibanez.cl\/blog\/como-la-inteligencia-emocional-mejora-tu-liderazgo\/\" target=\"_blank\" rel=\"noreferrer noopener\">inteligencia emocional<\/a><\/strong>&nbsp;y dar la&nbsp;<strong>confianza<\/strong>&nbsp;para ello, para as\u00ed tener la <strong><a href=\"https:\/\/paulaibanez.cl\/blog\/licencia-para-no-estar-de-acuerdo-primer-paso-para-innovar\/\" data-type=\"URL\" data-id=\"https:\/\/paulaibanez.cl\/blog\/licencia-para-no-estar-de-acuerdo-primer-paso-para-innovar\/\" target=\"_blank\" rel=\"noreferrer noopener\">licencia para&nbsp;innovar<\/a><\/strong>.<\/p>\n\n\n\n<p>En las organizaciones pagan a los l\u00edderes y sus equipos por usar la zona prefrontal de nuestro cerebro que es la encargada&nbsp;de las capacidades elevadas como las funciones ejecutivas&nbsp;&nbsp;de planificar, ejecutar, organizar de procesos, de la flexibilidad entre otras y tambi\u00e9n de las funciones cognitivas como atenci\u00f3n selectiva, razonamiento, memoria y lenguaje.<\/p>\n\n\n\n<p>Usar las capacidades m\u00e1s elevadas necesita reflexi\u00f3n y no ser pres@s de las reacciones frente a las&nbsp;<strong><a href=\"https:\/\/paulaibanez.cl\/blog\/las-emociones-se-contagian-y-se-gestionan\/\" data-type=\"URL\" data-id=\"https:\/\/paulaibanez.cl\/blog\/las-emociones-se-contagian-y-se-gestionan\/\" target=\"_blank\" rel=\"noreferrer noopener\">emociones<\/a><\/strong>&nbsp;y&nbsp;<strong><a href=\"https:\/\/paulaibanez.cl\/blog\/manejo-de-estres-en-las-organizaciones\/\" data-type=\"URL\" data-id=\"https:\/\/paulaibanez.cl\/blog\/manejo-de-estres-en-las-organizaciones\/\" target=\"_blank\" rel=\"noreferrer noopener\">estr\u00e9s<\/a>,&nbsp;<\/strong>sin la posibilidad de gestionarlas, muchas veces las reuniones se estrampan en conversaciones que estimulan justamente discusiones improductivas llena de malo entendidos.&nbsp;<\/p>\n\n\n\n<p>Si quieres ser un l\u00edder que se rodee de un equipo que aporte creatividad e innovaci\u00f3n a la toma de decisiones y por lo tanto a la organizaci\u00f3n, tienes que recordar que las<strong><a href=\"https:\/\/paulaibanez.cl\/blog\/las-conversaciones-y-la-neuroquimica-en-tu-cerebro\/\" data-type=\"URL\" data-id=\"https:\/\/paulaibanez.cl\/blog\/las-conversaciones-y-la-neuroquimica-en-tu-cerebro\/\" target=\"_blank\" rel=\"noreferrer noopener\"> conversaciones generan&nbsp;reacciones neuroqu\u00edmicas en el cerebro<\/a><\/strong>&nbsp;que pueden ir en contra de la creatividad e innovaci\u00f3n.<\/p>\n\n\n\n<p>Lo que menos quieres es un equipo que no asuma riesgos con nuevas ideas incluso aunque no sean del total correctas, ah\u00ed estar\u00e1s tu para guiar hacia las mejores necesarias. El mundo actual necesita formas <a href=\"https:\/\/paulaibanez.cl\/blog\/ser-disruptivo-antes-que-te-obliguen-a-serlo\/\" data-type=\"URL\" data-id=\"https:\/\/paulaibanez.cl\/blog\/ser-disruptivo-antes-que-te-obliguen-a-serlo\/\" target=\"_blank\" rel=\"noreferrer noopener\"><strong>disruptivas<\/strong>&nbsp;<\/a>de resoluci\u00f3n de problemas, no se puede confiar que con la misma&nbsp;<strong><a href=\"https:\/\/paulaibanez.cl\/blog\/como-pensar-mejor\/\" data-type=\"URL\" data-id=\"https:\/\/paulaibanez.cl\/blog\/como-pensar-mejor\/\" target=\"_blank\" rel=\"noreferrer noopener\">forma de pensar<\/a><\/strong>&nbsp;seguir\u00e1s creciendo o manteniendo la ventaja competitiva de tu organizaci\u00f3n.<\/p>\n\n\n\n<h2 class=\"wp-block-heading\">Estimula lo que m\u00e1s necesitas para el presente-futuro: creatividad<\/h2>\n\n\n\n<div class=\"wp-block-image\"><figure class=\"aligncenter size-fusion-600\"><img loading=\"lazy\" decoding=\"async\" width=\"765\" height=\"604\" data-attachment-id=\"971\" data-permalink=\"https:\/\/paulaibanez.cl\/blog\/creatividad-la-maxima-competencia-de-liderazgo-en-empresas\/captura-de-pantalla-2021-01-17-a-las-11-25-12\/\" data-orig-file=\"https:\/\/i0.wp.com\/paulaibanez.cl\/blog\/wp-content\/uploads\/2021\/01\/Captura-de-Pantalla-2021-01-17-a-las-11.25.12.png?fit=765%2C604&amp;ssl=1\" data-orig-size=\"765,604\" data-comments-opened=\"1\" data-image-meta=\"{&quot;aperture&quot;:&quot;0&quot;,&quot;credit&quot;:&quot;&quot;,&quot;camera&quot;:&quot;&quot;,&quot;caption&quot;:&quot;&quot;,&quot;created_timestamp&quot;:&quot;0&quot;,&quot;copyright&quot;:&quot;&quot;,&quot;focal_length&quot;:&quot;0&quot;,&quot;iso&quot;:&quot;0&quot;,&quot;shutter_speed&quot;:&quot;0&quot;,&quot;title&quot;:&quot;&quot;,&quot;orientation&quot;:&quot;0&quot;}\" data-image-title=\"Captura-de-Pantalla-2021-01-17-a-las-11.25.12\" data-image-description=\"\" data-image-caption=\"\" data-large-file=\"https:\/\/i0.wp.com\/paulaibanez.cl\/blog\/wp-content\/uploads\/2021\/01\/Captura-de-Pantalla-2021-01-17-a-las-11.25.12.png?fit=765%2C604&amp;ssl=1\" src=\"https:\/\/i1.wp.com\/paulaibanez.cl\/blog\/wp-content\/uploads\/2021\/01\/Captura-de-Pantalla-2021-01-17-a-las-11.25.12.png?fit=600%2C474&amp;ssl=1\" data-orig-src=\"https:\/\/i1.wp.com\/paulaibanez.cl\/blog\/wp-content\/uploads\/2021\/01\/Captura-de-Pantalla-2021-01-17-a-las-11.25.12.png?fit=600%2C474&amp;ssl=1\" alt=\"\" class=\"lazyload wp-image-971\" srcset=\"data:image\/svg+xml,%3Csvg%20xmlns%3D%27http%3A%2F%2Fwww.w3.org%2F2000%2Fsvg%27%20width%3D%27765%27%20height%3D%27604%27%20viewBox%3D%270%200%20765%20604%27%3E%3Crect%20width%3D%27765%27%20height%3D%273604%27%20fill-opacity%3D%220%22%2F%3E%3C%2Fsvg%3E\" data-srcset=\"https:\/\/i0.wp.com\/paulaibanez.cl\/blog\/wp-content\/uploads\/2021\/01\/Captura-de-Pantalla-2021-01-17-a-las-11.25.12.png?resize=200%2C158&amp;ssl=1 200w, https:\/\/i0.wp.com\/paulaibanez.cl\/blog\/wp-content\/uploads\/2021\/01\/Captura-de-Pantalla-2021-01-17-a-las-11.25.12.png?resize=300%2C237&amp;ssl=1 300w, https:\/\/i0.wp.com\/paulaibanez.cl\/blog\/wp-content\/uploads\/2021\/01\/Captura-de-Pantalla-2021-01-17-a-las-11.25.12.png?resize=400%2C316&amp;ssl=1 400w, https:\/\/i0.wp.com\/paulaibanez.cl\/blog\/wp-content\/uploads\/2021\/01\/Captura-de-Pantalla-2021-01-17-a-las-11.25.12.png?resize=600%2C474&amp;ssl=1 600w, https:\/\/i0.wp.com\/paulaibanez.cl\/blog\/wp-content\/uploads\/2021\/01\/Captura-de-Pantalla-2021-01-17-a-las-11.25.12.png?fit=765%2C604&amp;ssl=1 765w\" data-sizes=\"auto\" data-orig-sizes=\"auto, (max-width: 765px) 100vw, 765px\" \/><\/figure><\/div>\n\n\n\n<p><strong><a href=\"https:\/\/paulaibanez.cl\/blog\/ser-lider-de-un-equipo-no-es-un-trabajo-facil-test-mindset\/\" data-type=\"URL\" data-id=\"https:\/\/paulaibanez.cl\/blog\/ser-lider-de-un-equipo-no-es-un-trabajo-facil-test-mindset\/\" target=\"_blank\" rel=\"noreferrer noopener\">Un l\u00edder<\/a><\/strong>&nbsp;necesita un equipo que piense de formas novedosas para abordar un problema o una toma de decisi\u00f3n, no con soluciones esperadas. El talento adecuado debe acompa\u00f1arse con un entorno que facilite la expresi\u00f3n del pensamiento innovador.&nbsp;<\/p>\n\n\n\n<p>Como l\u00edder inspira a tu equipo a destrabar el potencial creativo sin limites. Ac\u00e1 te dejo algunas estrategias que usado con muchos equipos y que est\u00e1n basadas en el libro de Nilofer Merchant: \u201cthe power of onlyness: Make your wild ideas mighty enoufh to dent the world\u201d. Nilofer ha&nbsp;sido clasificada como una de las pensadoras de gesti\u00f3n m\u00e1s influyentes del mundo por Thinkers50.<\/p>\n\n\n\n<h3 class=\"wp-block-heading\">1)Elimina el exceso de burocracia<\/h3>\n\n\n\n<p>Las buenas ideas estan impulsadas por las personas, por el talento humano no por el proceso ni sistemas. La&nbsp;<a href=\"https:\/\/paulaibanez.cl\/blog\/conoce-inteligencias-multiples-para-liderar-test\/\" data-type=\"URL\" data-id=\"https:\/\/paulaibanez.cl\/blog\/conoce-inteligencias-multiples-para-liderar-test\/\" target=\"_blank\" rel=\"noreferrer noopener\"><strong>inteligencia<\/strong>&nbsp;<\/a>colectiva de los equipos lleva a las empresas a nuevos lugares de \u00e9xito.<\/p>\n\n\n\n<p>Si ves que tu equipo est\u00e1 bloqueado, examina si los procesos que los rodean secuestran su pensamiento. El seguimiento sistem\u00e1tico de reglas puede cerrar la ideas colaborativas, algunos colaboradores pueden sentir que no tienen flexibiliad para expresar otraas opciones que quiz\u00e1s no estan enmarcadas en la forma est\u00e1ndar de hacer las cosas<\/p>\n\n\n\n<p>Se entiende que debieran existir ciertos pasos&nbsp;&nbsp;o procedimientos en una organizaci\u00f3n pero cuando estos se vuelve una burocracia excesiva, busca la forma de eliminar estas limitaciones que atentan contra las sesiones creativas.&nbsp;<\/p>\n\n\n\n<p>Incluso si hay cosas que no deben de ti, en un momento la estructura de la empresa podr\u00eda no permitir ciertas acciones por los procedimientos, pero en un mundo cambiante como el que vivimos, con&nbsp;<strong><a href=\"https:\/\/paulaibanez.cl\/blog\/logra-grandes-metas-con-pequenos-pasos-en-ambientes-bani\/\" data-type=\"URL\" data-id=\"https:\/\/paulaibanez.cl\/blog\/logra-grandes-metas-con-pequenos-pasos-en-ambientes-bani\/\" target=\"_blank\" rel=\"noreferrer noopener\">entornos BANI<\/a><\/strong>, lo que hoy no se permite, ma\u00f1ana si se podr\u00eda. Entonces deja claro a tu equipo, que no es que nunca se podr\u00e1n llevar a cabo lo que proponen, sino son ideas que necesitan tiempo para germinar.<\/p>\n\n\n\n<div class=\"wp-block-image\"><figure class=\"aligncenter size-fusion-600\"><img loading=\"lazy\" decoding=\"async\" width=\"765\" height=\"607\" data-attachment-id=\"972\" data-permalink=\"https:\/\/paulaibanez.cl\/blog\/creatividad-la-maxima-competencia-de-liderazgo-en-empresas\/captura-de-pantalla-2021-01-17-a-las-11-25-41\/\" data-orig-file=\"https:\/\/i0.wp.com\/paulaibanez.cl\/blog\/wp-content\/uploads\/2021\/01\/Captura-de-Pantalla-2021-01-17-a-las-11.25.41.png?fit=765%2C607&amp;ssl=1\" data-orig-size=\"765,607\" data-comments-opened=\"1\" data-image-meta=\"{&quot;aperture&quot;:&quot;0&quot;,&quot;credit&quot;:&quot;&quot;,&quot;camera&quot;:&quot;&quot;,&quot;caption&quot;:&quot;&quot;,&quot;created_timestamp&quot;:&quot;0&quot;,&quot;copyright&quot;:&quot;&quot;,&quot;focal_length&quot;:&quot;0&quot;,&quot;iso&quot;:&quot;0&quot;,&quot;shutter_speed&quot;:&quot;0&quot;,&quot;title&quot;:&quot;&quot;,&quot;orientation&quot;:&quot;0&quot;}\" data-image-title=\"Captura-de-Pantalla-2021-01-17-a-las-11.25.41\" data-image-description=\"\" data-image-caption=\"\" data-large-file=\"https:\/\/i0.wp.com\/paulaibanez.cl\/blog\/wp-content\/uploads\/2021\/01\/Captura-de-Pantalla-2021-01-17-a-las-11.25.41.png?fit=765%2C607&amp;ssl=1\" src=\"https:\/\/i1.wp.com\/paulaibanez.cl\/blog\/wp-content\/uploads\/2021\/01\/Captura-de-Pantalla-2021-01-17-a-las-11.25.41.png?fit=600%2C476&amp;ssl=1\" data-orig-src=\"https:\/\/i1.wp.com\/paulaibanez.cl\/blog\/wp-content\/uploads\/2021\/01\/Captura-de-Pantalla-2021-01-17-a-las-11.25.41.png?fit=600%2C476&amp;ssl=1\" alt=\"\" class=\"lazyload wp-image-972\" srcset=\"data:image\/svg+xml,%3Csvg%20xmlns%3D%27http%3A%2F%2Fwww.w3.org%2F2000%2Fsvg%27%20width%3D%27765%27%20height%3D%27607%27%20viewBox%3D%270%200%20765%20607%27%3E%3Crect%20width%3D%27765%27%20height%3D%273607%27%20fill-opacity%3D%220%22%2F%3E%3C%2Fsvg%3E\" data-srcset=\"https:\/\/i0.wp.com\/paulaibanez.cl\/blog\/wp-content\/uploads\/2021\/01\/Captura-de-Pantalla-2021-01-17-a-las-11.25.41.png?resize=200%2C159&amp;ssl=1 200w, https:\/\/i0.wp.com\/paulaibanez.cl\/blog\/wp-content\/uploads\/2021\/01\/Captura-de-Pantalla-2021-01-17-a-las-11.25.41.png?resize=300%2C238&amp;ssl=1 300w, https:\/\/i0.wp.com\/paulaibanez.cl\/blog\/wp-content\/uploads\/2021\/01\/Captura-de-Pantalla-2021-01-17-a-las-11.25.41.png?resize=400%2C317&amp;ssl=1 400w, https:\/\/i0.wp.com\/paulaibanez.cl\/blog\/wp-content\/uploads\/2021\/01\/Captura-de-Pantalla-2021-01-17-a-las-11.25.41.png?resize=600%2C476&amp;ssl=1 600w, https:\/\/i0.wp.com\/paulaibanez.cl\/blog\/wp-content\/uploads\/2021\/01\/Captura-de-Pantalla-2021-01-17-a-las-11.25.41.png?fit=765%2C607&amp;ssl=1 765w\" data-sizes=\"auto\" data-orig-sizes=\"auto, (max-width: 765px) 100vw, 765px\" \/><\/figure><\/div>\n\n\n\n<h3 class=\"wp-block-heading\">2)La micro-gesti\u00f3n mata la creatividad<\/h3>\n\n\n\n<p>Los equipos que ejercen su creatividad son aquellos decididos, compremetidos e inspirados para ser parte de algo grande, buscando la forma de siempre mejorar.<\/p>\n\n\n\n<p>Se vuelve cr\u00edtico para los lideres proporcionar los entornos que permitan el desarrollo del equipo para aprovechar el pensamiento creativo e innovador.<\/p>\n\n\n\n<p>No s\u00f3lo pidas a tus colaboradores a pensar fuera de la caja, sino demuestralo con tu comportamiento, alentando los conflictos y debates saludables, donde con respeto puedan expresarte que no est\u00e1n de acuerdo con tu toma de decisi\u00f3n, que existen otras formas y puedas reflexionar sobre ellas, para evaluar su implentaci\u00f3n.<\/p>\n\n\n\n<p>No microgestiones y empodera a otros para explorar nuevas ideas para conducir hacia otras direcciones de ser necesario. La microgesti\u00f3n mata la creatividad, aumenta tu carga laboral y aniquila el compromiso y crecimiento de tus colaboradores.<\/p>\n\n\n\n<h3 class=\"wp-block-heading\">3)Fomenta la mentalidad de crecimiento<\/h3>\n\n\n\n<p>La&nbsp;<strong><a href=\"https:\/\/paulaibanez.cl\/blog\/beneficio-de-growth-mindset-en-las-organizaciones\/\" data-type=\"URL\" data-id=\"https:\/\/paulaibanez.cl\/blog\/beneficio-de-growth-mindset-en-las-organizaciones\/\" target=\"_blank\" rel=\"noreferrer noopener\">mentalidad de crecimiento<\/a><\/strong>, termino acu\u00f1ado por la Doctora Carol Dweck, se refiere a como una persona piensa acerca de sus propia inteligencia y aprendizaje. Las personas que tienen mentalidad de crecimiento, tienen la creencia que pueden mejorar a trav\u00e9s de su propio esfuerzo, por lo tanto se anula, esa frase de \u201cno soy una persona creativa\u201d<\/p>\n\n\n\n<p>La mentalidad de crecimiento permite aceptar cuando las cosas no salen como se espera, aprender de ello y seguir avanzando con&nbsp;<strong>resiliencia<\/strong>. Existen muchos tipos de&nbsp;<strong><a href=\"https:\/\/paulaibanez.cl\/blog\/tipos-de-mentalidades-para-un-liderazgo-exitoso\/\" data-type=\"URL\" data-id=\"https:\/\/paulaibanez.cl\/blog\/tipos-de-mentalidades-para-un-liderazgo-exitoso\/\" target=\"_blank\" rel=\"noreferrer noopener\">mentalidad que no dejan avanzar<\/a><\/strong>, tanto en l\u00edderes como colaboradores<\/p>\n\n\n\n<p>Entrena a tu equipo explicandoles que si creen que no son creativos, efectivamente no lo ser\u00e1n, pero que si practican podr\u00e1n aprender de las cosas que no resultaron tan bien en un pasado, para mejoralas.<\/p>\n\n\n\n<p>Acompa\u00f1alos en el proceso, como un lider-coach, a desarrollar la mentalidad de crecimiento pasando del miedo y mas all\u00e1 del perfeccionismo (dominado por&nbsp;<strong><a rel=\"noreferrer noopener\" href=\"https:\/\/paulaibanez.cl\/blog\/la-mente-hipercritica\/\" data-type=\"URL\" data-id=\"https:\/\/paulaibanez.cl\/blog\/la-mente-hipercritica\/\" target=\"_blank\">la mente hipercr\u00edtica<\/a><\/strong>), para apuntar a un nivel que sea suficientemente bueno. As\u00ed poco a poco, ir\u00e1n avanzando superando sus propios limites, rompiendo sus viejas suposiciones y abiertos a nuevas posibilidades.<\/p>\n\n\n\n<h3 class=\"wp-block-heading\">4)Pausa y prioriza<\/h3>\n\n\n\n<div class=\"wp-block-image\"><figure class=\"aligncenter size-fusion-600\"><img loading=\"lazy\" decoding=\"async\" width=\"762\" height=\"612\" data-attachment-id=\"973\" data-permalink=\"https:\/\/paulaibanez.cl\/blog\/creatividad-la-maxima-competencia-de-liderazgo-en-empresas\/captura-de-pantalla-2021-01-17-a-las-11-26-16\/\" data-orig-file=\"https:\/\/i0.wp.com\/paulaibanez.cl\/blog\/wp-content\/uploads\/2021\/01\/Captura-de-Pantalla-2021-01-17-a-las-11.26.16.png?fit=762%2C612&amp;ssl=1\" data-orig-size=\"762,612\" data-comments-opened=\"1\" data-image-meta=\"{&quot;aperture&quot;:&quot;0&quot;,&quot;credit&quot;:&quot;&quot;,&quot;camera&quot;:&quot;&quot;,&quot;caption&quot;:&quot;&quot;,&quot;created_timestamp&quot;:&quot;0&quot;,&quot;copyright&quot;:&quot;&quot;,&quot;focal_length&quot;:&quot;0&quot;,&quot;iso&quot;:&quot;0&quot;,&quot;shutter_speed&quot;:&quot;0&quot;,&quot;title&quot;:&quot;&quot;,&quot;orientation&quot;:&quot;0&quot;}\" data-image-title=\"Captura-de-Pantalla-2021-01-17-a-las-11.26.16\" data-image-description=\"\" data-image-caption=\"\" data-large-file=\"https:\/\/i0.wp.com\/paulaibanez.cl\/blog\/wp-content\/uploads\/2021\/01\/Captura-de-Pantalla-2021-01-17-a-las-11.26.16.png?fit=762%2C612&amp;ssl=1\" src=\"https:\/\/i0.wp.com\/paulaibanez.cl\/blog\/wp-content\/uploads\/2021\/01\/Captura-de-Pantalla-2021-01-17-a-las-11.26.16.png?fit=600%2C482&amp;ssl=1\" data-orig-src=\"https:\/\/i0.wp.com\/paulaibanez.cl\/blog\/wp-content\/uploads\/2021\/01\/Captura-de-Pantalla-2021-01-17-a-las-11.26.16.png?fit=600%2C482&amp;ssl=1\" alt=\"\" class=\"lazyload wp-image-973\" srcset=\"data:image\/svg+xml,%3Csvg%20xmlns%3D%27http%3A%2F%2Fwww.w3.org%2F2000%2Fsvg%27%20width%3D%27762%27%20height%3D%27612%27%20viewBox%3D%270%200%20762%20612%27%3E%3Crect%20width%3D%27762%27%20height%3D%273612%27%20fill-opacity%3D%220%22%2F%3E%3C%2Fsvg%3E\" data-srcset=\"https:\/\/i0.wp.com\/paulaibanez.cl\/blog\/wp-content\/uploads\/2021\/01\/Captura-de-Pantalla-2021-01-17-a-las-11.26.16.png?resize=200%2C161&amp;ssl=1 200w, https:\/\/i0.wp.com\/paulaibanez.cl\/blog\/wp-content\/uploads\/2021\/01\/Captura-de-Pantalla-2021-01-17-a-las-11.26.16.png?resize=300%2C241&amp;ssl=1 300w, https:\/\/i0.wp.com\/paulaibanez.cl\/blog\/wp-content\/uploads\/2021\/01\/Captura-de-Pantalla-2021-01-17-a-las-11.26.16.png?resize=400%2C321&amp;ssl=1 400w, https:\/\/i0.wp.com\/paulaibanez.cl\/blog\/wp-content\/uploads\/2021\/01\/Captura-de-Pantalla-2021-01-17-a-las-11.26.16.png?resize=600%2C482&amp;ssl=1 600w, https:\/\/i0.wp.com\/paulaibanez.cl\/blog\/wp-content\/uploads\/2021\/01\/Captura-de-Pantalla-2021-01-17-a-las-11.26.16.png?fit=762%2C612&amp;ssl=1 762w\" data-sizes=\"auto\" data-orig-sizes=\"auto, (max-width: 762px) 100vw, 762px\" \/><\/figure><\/div>\n\n\n\n<p>Cada d\u00eda m\u00e1s escucho en las sesiones de coaching que tengo con l\u00edderes de diferentes organizaciones que han perdido la pausa y reflexi\u00f3n, producto de la carga laboral que deben enfrentar diariamente.<\/p>\n\n\n\n<p>Pero te invito a tomarte 30 minutos diarios para pausar y priorizar, as\u00ed tambi\u00e9n podr\u00e1s ser m\u00e1s creativ@ e inspirar\u00e1s a otros que te ven realizarlo.<\/p>\n\n\n\n<p>Realizar pausas de reflexi\u00f3n con atenci\u00f3n plena presente como el mindfulnes crea el impacto en el pensamiento convergente y divergente, como lo describe el estudio publicado por Colzato et al, en la revista frontiers in Psychology (2012).<\/p>\n\n\n\n<p>Adem\u00e1s mejora la memoria de trabajo, aumenta la flexibilidad cognitiva y la capacidad para brainstorming.<\/p>\n\n\n\n<p>Puedes buscar muchas aplicaciones o canales de youtube para practicarlos pero te voy a comparti lo que ense\u00f1o a mis clientes y yo misma practico. Simplemente camino a alguna hora del d\u00eda que me acomode seg\u00fan mi agenda. Miro mi entorno, evito el multitasking, colocando mi celular en modo avi\u00f3n. Respiro profundamente y me veo, me escucho.&nbsp;<\/p>\n\n\n\n<p>Es un encuentro intimo conmigo misma donde le doy rienda suelta a mi pensamiento, producto de la creatividad que resulta de oxigenar mi cerebro. Muchas de las ideas de este blog nacen de ah\u00ed.<\/p>\n\n\n\n<p>Incluso algunos clientes han ido un paso m\u00e1s all\u00e1 realizandolo previo a cada reuni\u00f3n con su equipo o si est\u00e1n de forma virtual al iniciar el encuentro, se dedican unos minutos a estar presente, cerrando los ojos y&nbsp;&nbsp;respirando. Vale la pena implementarlo.<\/p>\n\n\n\n<p>Espero que al leer este blog te haya est\u00edmulado a enfocarte a hacer que las cosas sucedan de una forma creativa e innovadora con tu equipo, donde vayan m\u00e1s all\u00e1 de lo obvio. \u00a1El mundo lo necesita!<\/p>\n\n\n\n<p>Te invito suscribirte y comp\u00e1rtirlo, as\u00ed este art\u00edculo puede llegar a m\u00e1s personas y las acompa\u00f1as tambi\u00e9n en el desarrollo de su equipo.<\/p>\n\n\n\n<p>Semanalmente comparto informaci\u00f3n sobre neurociencia aplicada y coaching que te ayudar\u00e1 como l\u00edder a enfrentar un mundo cambiante y lleno de desaf\u00edos como el que hoy vivimos.<\/p>\n\n\n\n<p>Si est\u00e1s leyendo en la computadora el final del blog puedes encontrar donde suscribirte.<\/p>\n\n\n\n<p>Si est\u00e1s desde tu m\u00f3vil, ve el final del blog y apreta \u201cver sitio completo\u201d, ah\u00ed te lleva a la p\u00e1gina, vas para abajo y te suscribes. (lo siento, wordpress no mejora esto a\u00fan para celulares, espero que pronto lo haga. \u00a1Pero te espero!!)<\/p>\n\n\n\n<p>Muchas gracias<\/p>\n\n\n\n<p>Paula<\/p>\n\n\n\n<p><\/p>\n\n\n<p><a href=\"https:\/\/i0.wp.com\/paulaibanez.cl\/aromasdeluna\/wp-content\/uploads\/2016\/04\/9.jpg\" rel=\"attachment wp-att-314\"><img data-recalc-dims=\"1\" loading=\"lazy\" decoding=\"async\" data-attachment-id=\"314\" data-permalink=\"https:\/\/paulaibanez.cl\/blog\/creatividad-la-maxima-competencia-de-liderazgo-en-empresas\/3d-character-and-lovely-earth\/\" data-orig-file=\"https:\/\/i0.wp.com\/paulaibanez.cl\/blog\/wp-content\/uploads\/2016\/04\/9.jpg?fit=3375%2C4500&amp;ssl=1\" data-orig-size=\"3375,4500\" data-comments-opened=\"1\" data-image-meta=\"{&quot;aperture&quot;:&quot;0&quot;,&quot;credit&quot;:&quot;Ramin Khojasteh&quot;,&quot;camera&quot;:&quot;&quot;,&quot;caption&quot;:&quot;3D Character and Lovely Earth&quot;,&quot;created_timestamp&quot;:&quot;0&quot;,&quot;copyright&quot;:&quot;&quot;,&quot;focal_length&quot;:&quot;0&quot;,&quot;iso&quot;:&quot;0&quot;,&quot;shutter_speed&quot;:&quot;0&quot;,&quot;title&quot;:&quot;3D Character and Lovely Earth&quot;,&quot;orientation&quot;:&quot;1&quot;}\" data-image-title=\"Encuentra la soluci\u00f3n m\u00e1s creativa a tus problemas\" data-image-description=\"\" data-image-caption=\"&lt;p&gt;Encuentra la soluci\u00f3n m\u00e1s creativa a tus problemas&lt;\/p&gt;\n\" data-large-file=\"https:\/\/i0.wp.com\/paulaibanez.cl\/blog\/wp-content\/uploads\/2016\/04\/9.jpg?fit=768%2C1024&amp;ssl=1\" class=\"lazyload alignright wp-image-314 size-medium\" src=\"https:\/\/i0.wp.com\/paulaibanez.cl\/aromasdeluna\/wp-content\/uploads\/2016\/04\/9-225x300.jpg?resize=225%2C300\" data-orig-src=\"http:\/\/paulaibanez.cl\/aromasdeluna\/wp-content\/uploads\/2016\/04\/9-225x300.jpg\" alt=\"Encuentra la soluci\u00f3n m\u00e1s creativa a tus problemas\" width=\"225\" height=\"300\" srcset=\"data:image\/svg+xml,%3Csvg%20xmlns%3D%27http%3A%2F%2Fwww.w3.org%2F2000%2Fsvg%27%20width%3D%27225%27%20height%3D%27300%27%20viewBox%3D%270%200%20225%20300%27%3E%3Crect%20width%3D%27225%27%20height%3D%273300%27%20fill-opacity%3D%220%22%2F%3E%3C%2Fsvg%3E\" data-srcset=\"https:\/\/i0.wp.com\/paulaibanez.cl\/blog\/wp-content\/uploads\/2016\/04\/9.jpg?resize=225%2C300&amp;ssl=1 225w, https:\/\/i0.wp.com\/paulaibanez.cl\/blog\/wp-content\/uploads\/2016\/04\/9.jpg?resize=768%2C1024&amp;ssl=1 768w, https:\/\/i0.wp.com\/paulaibanez.cl\/blog\/wp-content\/uploads\/2016\/04\/9.jpg?w=2400&amp;ssl=1 2400w, https:\/\/i0.wp.com\/paulaibanez.cl\/blog\/wp-content\/uploads\/2016\/04\/9.jpg?fit=3375%2C4500&amp;ssl=1 3375w\" data-sizes=\"auto\" data-orig-sizes=\"auto, (max-width: 225px) 100vw, 225px\" \/><\/a><\/p>\n\n\n<p><\/p>\n","protected":false},"excerpt":{"rendered":"<p>La creatividad junto con la adaptabilidad son unas de las competencias que m\u00e1s se necesitan para enfrentar un mundo desafiante y cambiante como el que vivimos Ser creativo e innovador son los principales factores cr\u00edticos de \u00e9xito, no solo para las empresas, sino tambi\u00e9n para los l\u00edderes y sus equipos (Shambaugh, 2019). Ser creativo e innovador no es lo mismo, a [&hellip;]<\/p>\n","protected":false},"author":3,"featured_media":969,"comment_status":"open","ping_status":"open","sticky":false,"template":"","format":"standard","meta":{"jetpack_post_was_ever_published":false,"_jetpack_newsletter_access":"","_jetpack_dont_email_post_to_subs":true,"_jetpack_newsletter_tier_id":0,"_jetpack_memberships_contains_paywalled_content":false,"_jetpack_memberships_contains_paid_content":false,"footnotes":"","jetpack_publicize_message":"","jetpack_publicize_feature_enabled":true,"jetpack_social_post_already_shared":true,"jetpack_social_options":{"image_generator_settings":{"template":"highway","default_image_id":0,"font":"","enabled":false},"version":2}},"categories":[259,262,261,102],"tags":[84,11,76,297,291,328,113,354,279],"class_list":["post-313","post","type-post","status-publish","format-standard","has-post-thumbnail","hentry","category-coaching","category-equipos-alto-rendimiento","category-liderazgo","category-recursos-humanos","tag-cerebro","tag-confianza","tag-creatividad","tag-equipo","tag-innovacion","tag-inteligencia-emocional","tag-liderazgo","tag-lidercoach","tag-toma-de-decisiones"],"aioseo_notices":[],"jetpack_publicize_connections":[],"jetpack_featured_media_url":"https:\/\/i0.wp.com\/paulaibanez.cl\/blog\/wp-content\/uploads\/2016\/04\/Captura-de-Pantalla-2021-01-17-a-las-11.24.48.png?fit=767%2C593&ssl=1","jetpack_sharing_enabled":true,"jetpack_shortlink":"https:\/\/wp.me\/p6aqPL-53","jetpack-related-posts":[{"id":653,"url":"https:\/\/paulaibanez.cl\/blog\/tipos-de-mentalidades-para-un-liderazgo-exitoso\/","url_meta":{"origin":313,"position":0},"title":"Tipos de mentalidades para un liderazgo exitoso","author":"Paula Iba\u00f1ez","date":"30 octubre, 2020","format":false,"excerpt":"Los lentes que procesan la informaci\u00f3n en el cerebro de los l\u00edderes, como de sus colaboradores, es la mentalidad. Tener distintas mentalidades es s\u00edmil a usar diferentes lentes para leer o el sol. Entonces no es que tengas s\u00f3lo un tipo de mentalidad, ni que siempre usar la misma, sea\u2026","rel":"","context":"En \u00abequipos alto rendimiento\u00bb","block_context":{"text":"equipos alto rendimiento","link":"https:\/\/paulaibanez.cl\/blog\/category\/equipos-alto-rendimiento\/"},"img":{"alt_text":"","src":"https:\/\/i0.wp.com\/paulaibanez.cl\/blog\/wp-content\/uploads\/2020\/12\/Captura-de-Pantalla-2020-12-18-a-las-00.22.44.png?fit=761%2C602&ssl=1&resize=350%2C200","width":350,"height":200,"srcset":"https:\/\/i0.wp.com\/paulaibanez.cl\/blog\/wp-content\/uploads\/2020\/12\/Captura-de-Pantalla-2020-12-18-a-las-00.22.44.png?fit=761%2C602&ssl=1&resize=350%2C200 1x, https:\/\/i0.wp.com\/paulaibanez.cl\/blog\/wp-content\/uploads\/2020\/12\/Captura-de-Pantalla-2020-12-18-a-las-00.22.44.png?fit=761%2C602&ssl=1&resize=525%2C300 1.5x, https:\/\/i0.wp.com\/paulaibanez.cl\/blog\/wp-content\/uploads\/2020\/12\/Captura-de-Pantalla-2020-12-18-a-las-00.22.44.png?fit=761%2C602&ssl=1&resize=700%2C400 2x"},"classes":[]},{"id":216,"url":"https:\/\/paulaibanez.cl\/blog\/como-tomar-las-mejores-decisiones-neurociencia-aplicada-a-las-organizaciones\/","url_meta":{"origin":313,"position":1},"title":"C\u00f3mo tomar las mejores decisiones: Neurociencia aplicada a las organizaciones","author":"Paula Iba\u00f1ez","date":"19 enero, 2016","format":false,"excerpt":"En la realidad del d\u00eda de hoy, donde los cambios y los eventos inesperados son parte de las rutinas en las empresas y de la vida diaria de las personas, los aportes que hicieron algunos modelos de gesti\u00f3n, liderazgo, con f\u00f3rmulas orientadas a encontrar las soluciones en el afuera, necesitan\u2026","rel":"","context":"En \u00abRecursos Humanos\u00bb","block_context":{"text":"Recursos Humanos","link":"https:\/\/paulaibanez.cl\/blog\/category\/recursos-humanos\/"},"img":{"alt_text":"C\u00f3mo tomar las mejores decisiones: Neurociencia aplicada a las organizaciones","src":"https:\/\/i0.wp.com\/paulaibanez.cl\/aromasdeluna\/wp-content\/uploads\/2016\/01\/Captura-de-pantalla-2015-12-18-a-las-21.05.473-282x300.png?resize=350%2C200","width":350,"height":200},"classes":[]},{"id":388,"url":"https:\/\/paulaibanez.cl\/blog\/beneficio-de-growth-mindset-en-las-organizaciones\/","url_meta":{"origin":313,"position":2},"title":"Beneficio de growth mindset en las organizaciones","author":"Paula Iba\u00f1ez","date":"21 agosto, 2020","format":false,"excerpt":"Tener un growth mindset o mentalidad de crecimiento se ha convertido en una palabra de moda en muchas charlas y en la declaraci\u00f3n de misi\u00f3n de las empresas, por los beneficios al estimularla.","rel":"","context":"En \u00abcoaching\u00bb","block_context":{"text":"coaching","link":"https:\/\/paulaibanez.cl\/blog\/category\/coaching\/"},"img":{"alt_text":"Growth mindset en las organizaciones","src":"https:\/\/i0.wp.com\/paulaibanez.cl\/blog\/wp-content\/uploads\/2020\/08\/Diseno-sin-titulo-2.jpg?fit=1200%2C960&ssl=1&resize=350%2C200","width":350,"height":200,"srcset":"https:\/\/i0.wp.com\/paulaibanez.cl\/blog\/wp-content\/uploads\/2020\/08\/Diseno-sin-titulo-2.jpg?fit=1200%2C960&ssl=1&resize=350%2C200 1x, https:\/\/i0.wp.com\/paulaibanez.cl\/blog\/wp-content\/uploads\/2020\/08\/Diseno-sin-titulo-2.jpg?fit=1200%2C960&ssl=1&resize=525%2C300 1.5x, https:\/\/i0.wp.com\/paulaibanez.cl\/blog\/wp-content\/uploads\/2020\/08\/Diseno-sin-titulo-2.jpg?fit=1200%2C960&ssl=1&resize=700%2C400 2x, https:\/\/i0.wp.com\/paulaibanez.cl\/blog\/wp-content\/uploads\/2020\/08\/Diseno-sin-titulo-2.jpg?fit=1200%2C960&ssl=1&resize=1050%2C600 3x"},"classes":[]},{"id":281,"url":"https:\/\/paulaibanez.cl\/blog\/el-principal-enemigo-de-la-creatividad\/","url_meta":{"origin":313,"position":3},"title":"El principal enemigo de la creatividad","author":"Paula Iba\u00f1ez","date":"9 marzo, 2016","format":false,"excerpt":"Hoy en d\u00eda la creatividad no est\u00e1 solo reservada para las agencias de publicidad, donde las personas que trabajan ah\u00ed, deben d\u00eda a d\u00eda crear ideas, campa\u00f1as, soluciones que le gusten al cliente y que obtenga los resultados deseados con el p\u00fablico. Si no en muchos puestos laborales es importante\u2026","rel":"","context":"En \u00abRecursos Humanos\u00bb","block_context":{"text":"Recursos Humanos","link":"https:\/\/paulaibanez.cl\/blog\/category\/recursos-humanos\/"},"img":{"alt_text":"El principal enemigo de la creatividad","src":"https:\/\/i0.wp.com\/paulaibanez.cl\/aromasdeluna\/wp-content\/uploads\/2016\/03\/11223597_869728913100173_4104614673373246745_n-300x251.png?resize=350%2C200","width":350,"height":200},"classes":[]},{"id":937,"url":"https:\/\/paulaibanez.cl\/blog\/como-liderar-la-diversidad-cognitiva-de-un-equipo\/","url_meta":{"origin":313,"position":4},"title":"Como liderar la diversidad cognitiva de un equipo","author":"Paula Iba\u00f1ez","date":"8 enero, 2021","format":false,"excerpt":"Cada equipo es una mezcla de personalidades que se pueden encontrar conflictivamente, hay\u00a0\u00a0liderar la diversidad cognitiva con acciones concretas. Para que cada equipo alcance su potencial, es necesario que los l\u00edderes detecten y gestionen las diferencias en la forma en que las personas enfocan su trabajo. He usado con muchos\u2026","rel":"","context":"En \u00abcoaching\u00bb","block_context":{"text":"coaching","link":"https:\/\/paulaibanez.cl\/blog\/category\/coaching\/"},"img":{"alt_text":"Como liderar las diferencias cognitivas de un equipo","src":"https:\/\/i0.wp.com\/paulaibanez.cl\/blog\/wp-content\/uploads\/2021\/01\/Captura-de-Pantalla-2021-01-07-a-las-23.11.07.png?fit=761%2C605&ssl=1&resize=350%2C200","width":350,"height":200,"srcset":"https:\/\/i0.wp.com\/paulaibanez.cl\/blog\/wp-content\/uploads\/2021\/01\/Captura-de-Pantalla-2021-01-07-a-las-23.11.07.png?fit=761%2C605&ssl=1&resize=350%2C200 1x, https:\/\/i0.wp.com\/paulaibanez.cl\/blog\/wp-content\/uploads\/2021\/01\/Captura-de-Pantalla-2021-01-07-a-las-23.11.07.png?fit=761%2C605&ssl=1&resize=525%2C300 1.5x, https:\/\/i0.wp.com\/paulaibanez.cl\/blog\/wp-content\/uploads\/2021\/01\/Captura-de-Pantalla-2021-01-07-a-las-23.11.07.png?fit=761%2C605&ssl=1&resize=700%2C400 2x"},"classes":[]},{"id":124,"url":"https:\/\/paulaibanez.cl\/blog\/resiliencia-capacidad-de-sobreponerse-a-la-adversidad\/","url_meta":{"origin":313,"position":5},"title":"Resiliencia: capacidad de sobreponerse a la adversidad","author":"Paula Iba\u00f1ez","date":"17 junio, 2015","format":false,"excerpt":"La resiliencia es la capacidad de sobreponerse a la adversidad permitiendo a las personas que viven momentos dif\u00edciles salir fortalecidas de ellos. Las situaciones complicadas y el dolor emocional, muchas veces permiten a las personas que las enfrentan el salir fortalecidos de estos eventos. \u00bfA qu\u00e9 se debe que algunos\u2026","rel":"","context":"En \u00abcoaching\u00bb","block_context":{"text":"coaching","link":"https:\/\/paulaibanez.cl\/blog\/category\/coaching\/"},"img":{"alt_text":"Resiliencia: como superar la adversidad","src":"https:\/\/i0.wp.com\/paulaibanez.cl\/blog\/wp-content\/uploads\/2015\/06\/Diseno-sin-titulo-6.jpg?fit=1200%2C960&ssl=1&resize=350%2C200","width":350,"height":200,"srcset":"https:\/\/i0.wp.com\/paulaibanez.cl\/blog\/wp-content\/uploads\/2015\/06\/Diseno-sin-titulo-6.jpg?fit=1200%2C960&ssl=1&resize=350%2C200 1x, https:\/\/i0.wp.com\/paulaibanez.cl\/blog\/wp-content\/uploads\/2015\/06\/Diseno-sin-titulo-6.jpg?fit=1200%2C960&ssl=1&resize=525%2C300 1.5x, https:\/\/i0.wp.com\/paulaibanez.cl\/blog\/wp-content\/uploads\/2015\/06\/Diseno-sin-titulo-6.jpg?fit=1200%2C960&ssl=1&resize=700%2C400 2x, https:\/\/i0.wp.com\/paulaibanez.cl\/blog\/wp-content\/uploads\/2015\/06\/Diseno-sin-titulo-6.jpg?fit=1200%2C960&ssl=1&resize=1050%2C600 3x"},"classes":[]}],"jetpack_likes_enabled":true,"_links":{"self":[{"href":"https:\/\/paulaibanez.cl\/blog\/wp-json\/wp\/v2\/posts\/313","targetHints":{"allow":["GET"]}}],"collection":[{"href":"https:\/\/paulaibanez.cl\/blog\/wp-json\/wp\/v2\/posts"}],"about":[{"href":"https:\/\/paulaibanez.cl\/blog\/wp-json\/wp\/v2\/types\/post"}],"author":[{"embeddable":true,"href":"https:\/\/paulaibanez.cl\/blog\/wp-json\/wp\/v2\/users\/3"}],"replies":[{"embeddable":true,"href":"https:\/\/paulaibanez.cl\/blog\/wp-json\/wp\/v2\/comments?post=313"}],"version-history":[{"count":5,"href":"https:\/\/paulaibanez.cl\/blog\/wp-json\/wp\/v2\/posts\/313\/revisions"}],"predecessor-version":[{"id":975,"href":"https:\/\/paulaibanez.cl\/blog\/wp-json\/wp\/v2\/posts\/313\/revisions\/975"}],"wp:featuredmedia":[{"embeddable":true,"href":"https:\/\/paulaibanez.cl\/blog\/wp-json\/wp\/v2\/media\/969"}],"wp:attachment":[{"href":"https:\/\/paulaibanez.cl\/blog\/wp-json\/wp\/v2\/media?parent=313"}],"wp:term":[{"taxonomy":"category","embeddable":true,"href":"https:\/\/paulaibanez.cl\/blog\/wp-json\/wp\/v2\/categories?post=313"},{"taxonomy":"post_tag","embeddable":true,"href":"https:\/\/paulaibanez.cl\/blog\/wp-json\/wp\/v2\/tags?post=313"}],"curies":[{"name":"wp","href":"https:\/\/api.w.org\/{rel}","templated":true}]}}