{"id":621,"date":"2020-10-16T18:00:00","date_gmt":"2020-10-16T21:00:00","guid":{"rendered":"https:\/\/paulaibanez.cl\/blog\/?p=621"},"modified":"2020-11-22T09:25:47","modified_gmt":"2020-11-22T12:25:47","slug":"licencia-para-no-estar-de-acuerdo-primer-paso-para-innovar","status":"publish","type":"post","link":"https:\/\/paulaibanez.cl\/blog\/licencia-para-no-estar-de-acuerdo-primer-paso-para-innovar\/","title":{"rendered":"Licencia para no estar de acuerdo: primer paso para innovar"},"content":{"rendered":"\n<h2 class=\"has-text-align-center wp-block-heading\"><em>Tener una licencia para no estar de acuerdo, permite a las organizaciones y equipos, innovar. Se necesita valent\u00eda intelectual, seguridad psicol\u00f3gica y un l\u00edder dispuesto para ello.<\/em><\/h2>\n\n\n\n<p>A nivel de equipos como organizacional es importante considerar la innovaci\u00f3n como un valor fundamental. Para&nbsp;&nbsp;as\u00ed, tomar mejores decisiones, tener una visi\u00f3n de futuro actualizada, aprovechar las oportunidades impulsando nuevos modelos de negocio, ofrecer nuevos servicios y quiz\u00e1s mejorar los&nbsp;&nbsp;procesos.<\/p>\n\n\n\n<p>Enfrentar los momentos de incertidumbre, cambios en un mundo altamente din\u00e1mico y competitivo como en el que hoy vivimos; necesita mentes inquietas abiertas y motivadas<strong> <\/strong>a buscar respuestas de esos problemas que a\u00fan ni siquiera est\u00e1n pero podr\u00edan venir.<\/p>\n\n\n\n<p>Muchas organizaciones en 6 meses se han visto empujadas a implementar, a la fuerza,&nbsp;&nbsp;tecnolog\u00edas y&nbsp;&nbsp;formas de trabajo que hab\u00edan pospuesto en los \u00faltimos a\u00f1os, o ni estaban en su agenda.<\/p>\n\n\n\n<p><strong><a href=\"https:\/\/paulaibanez.cl\/blog\/confianza-el-arma-secreta-de-los-equipos-exitosos\/\" data-type=\"URL\" data-id=\"https:\/\/paulaibanez.cl\/blog\/confianza-el-arma-secreta-de-los-equipos-exitosos\/\" target=\"_blank\" rel=\"noreferrer noopener\">Los equipos<\/a><\/strong> donde hab\u00eda licencia para no estar de acuerdo, han resuelto los inconvenientes de forma m\u00e1s r\u00e1pida, con menos fricci\u00f3n entre los integrantes y las diferentes \u00e1reas, a diferencia de las estructuras m\u00e1s r\u00edgidas donde pensar diferente incluso es mal visto.<\/p>\n\n\n\n<p>Para pensar diferente, hay que tener una fortaleza para afrontar las cr\u00edticas, Timothy Clark (2020),&nbsp;&nbsp;autor del libro \u201cThe 4 stages of Psychological Safety: Defining the Path to Inclusion and Innovation\u201d, lo defini\u00f3 como tener una <strong>valent\u00eda intelectual<\/strong>.<\/p>\n\n\n\n<figure class=\"wp-block-pullquote\"><blockquote><p><em>\u201cLa valent\u00eda intelectual es la voluntad de no estar de acuerdo, disidencia o desafiar el statu quo en un entorno de riesgo social en el que usted podr\u00eda ser avergonzado, marginado o castigado de alguna manera\u201d&nbsp;<\/em><\/p><cite><em>(Timothy Clark , 2020)<\/em><\/cite><\/blockquote><\/figure>\n\n\n\n<p>Siempre cuando me preguntan la opini\u00f3n sobre un tema, la aplicaci\u00f3n de una nueva metodolog\u00eda o sobre alguna estrategia, pregunto \u00bfQuieres que realmente te de mi opini\u00f3n? \u00bfEst\u00e1s preparad@ para que realmente te diga lo que pienso? Y advierto, mira \u201cmi tendencia es analizar las cosas un poco diferente a los dem\u00e1s\u201d<\/p>\n\n\n\n<p>Los a\u00f1os, que no han pasado en vano por m\u00ed, me han ense\u00f1ado que muchas veces las personas preguntan algo, porque s\u00f3lo quieren aprobaci\u00f3n y no porque realmente est\u00e9n preparados para escuchar algo que vaya en contra de su pensamiento.<\/p>\n\n\n\n<h2 class=\"wp-block-heading\">Influencia del liderazgo<\/h2>\n\n\n\n<div class=\"wp-block-image\"><figure class=\"aligncenter size-large is-resized\"><img data-recalc-dims=\"1\" loading=\"lazy\" decoding=\"async\" data-attachment-id=\"748\" data-permalink=\"https:\/\/paulaibanez.cl\/blog\/por-que-cuesta-tanto-cambiar-consejos-para-lograrlo\/captura-de-pantalla-2020-11-13-a-las-22-05-44\/\" data-orig-file=\"https:\/\/i0.wp.com\/paulaibanez.cl\/blog\/wp-content\/uploads\/2020\/11\/Captura-de-Pantalla-2020-11-13-a-las-22.05.44.png?fit=642%2C511&amp;ssl=1\" data-orig-size=\"642,511\" data-comments-opened=\"1\" data-image-meta=\"{&quot;aperture&quot;:&quot;0&quot;,&quot;credit&quot;:&quot;&quot;,&quot;camera&quot;:&quot;&quot;,&quot;caption&quot;:&quot;&quot;,&quot;created_timestamp&quot;:&quot;0&quot;,&quot;copyright&quot;:&quot;&quot;,&quot;focal_length&quot;:&quot;0&quot;,&quot;iso&quot;:&quot;0&quot;,&quot;shutter_speed&quot;:&quot;0&quot;,&quot;title&quot;:&quot;&quot;,&quot;orientation&quot;:&quot;0&quot;}\" data-image-title=\"Captura-de-Pantalla-2020-11-13-a-las-22.05.44\" data-image-description=\"\" data-image-caption=\"\" data-large-file=\"https:\/\/i0.wp.com\/paulaibanez.cl\/blog\/wp-content\/uploads\/2020\/11\/Captura-de-Pantalla-2020-11-13-a-las-22.05.44.png?fit=642%2C511&amp;ssl=1\" src=\"https:\/\/i0.wp.com\/paulaibanez.cl\/blog\/wp-content\/uploads\/2020\/11\/Captura-de-Pantalla-2020-11-13-a-las-22.05.44.png?resize=530%2C420&#038;ssl=1\" data-orig-src=\"https:\/\/paulaibanez.cl\/blog\/wp-content\/uploads\/2020\/11\/Captura-de-Pantalla-2020-11-13-a-las-22.05.44.png\" alt=\"\" class=\"lazyload wp-image-748\" width=\"530\" height=\"420\" srcset=\"data:image\/svg+xml,%3Csvg%20xmlns%3D%27http%3A%2F%2Fwww.w3.org%2F2000%2Fsvg%27%20width%3D%27530%27%20height%3D%27420%27%20viewBox%3D%270%200%20530%20420%27%3E%3Crect%20width%3D%27530%27%20height%3D%273420%27%20fill-opacity%3D%220%22%2F%3E%3C%2Fsvg%3E\" data-srcset=\"https:\/\/i0.wp.com\/paulaibanez.cl\/blog\/wp-content\/uploads\/2020\/11\/Captura-de-Pantalla-2020-11-13-a-las-22.05.44.png?resize=200%2C159&amp;ssl=1 200w, https:\/\/i0.wp.com\/paulaibanez.cl\/blog\/wp-content\/uploads\/2020\/11\/Captura-de-Pantalla-2020-11-13-a-las-22.05.44.png?resize=300%2C239&amp;ssl=1 300w, https:\/\/i0.wp.com\/paulaibanez.cl\/blog\/wp-content\/uploads\/2020\/11\/Captura-de-Pantalla-2020-11-13-a-las-22.05.44.png?resize=400%2C318&amp;ssl=1 400w, https:\/\/i0.wp.com\/paulaibanez.cl\/blog\/wp-content\/uploads\/2020\/11\/Captura-de-Pantalla-2020-11-13-a-las-22.05.44.png?fit=642%2C511&amp;ssl=1 642w\" data-sizes=\"auto\" data-orig-sizes=\"auto, (max-width: 530px) 100vw, 530px\" \/><\/figure><\/div>\n\n\n\n<p>Ser fiel a la valent\u00eda intelectual es estar consciente que las personas a tu alrededor se pueden molestar por tu forma de ver las cosas. No es f\u00e1cil cambiar y mientras m\u00e1s&nbsp;<strong><a href=\"https:\/\/paulaibanez.cl\/blog\/manejo-de-estres-en-las-organizaciones\/\" data-type=\"URL\" data-id=\"https:\/\/paulaibanez.cl\/blog\/manejo-de-estres-en-las-organizaciones\/\" target=\"_blank\" rel=\"noreferrer noopener\">estr\u00e9s<\/a><\/strong>, los seres humanos se vuelven menos innovadores y resistentes a realizar las cosas diferentes.&nbsp;<\/p>\n\n\n\n<p>En la&nbsp;<strong><a href=\"https:\/\/paulaibanez.cl\/blog\/9-formas-de-mejorar-por-completo-la-toma-de-decision\/\" data-type=\"URL\" data-id=\"https:\/\/paulaibanez.cl\/blog\/9-formas-de-mejorar-por-completo-la-toma-de-decision\/\" target=\"_blank\" rel=\"noreferrer noopener\">toma de decisi\u00f3n<\/a><\/strong>, es fundamental aplicar diferentes estrategias que eviten caer en el pensamiento grupal, es decir que todos&nbsp;&nbsp;piensen lo mismo y ah\u00ed es cuando la valent\u00eda intelectual se vuelve tu mejor aliada.<\/p>\n\n\n\n<p>\u00bfCu\u00e1ntas veces estuviste en reuniones donde no pudiste expresar lo que pensabas? Y finalmente se decidi\u00f3 \u201cir en el mismo camino que se ven\u00eda\u201d, no se analiz\u00f3 otros frentes, prestando m\u00e1s importancia a los cargos, antig\u00fcedad y agendas ocultas.<\/p>\n\n\n\n<p>Ser valiente intelectualmente es una virtud que debiera ser \u201csuper valorada\u201d por tu organizaci\u00f3n y liderazgo, ya que evita estancamientos. De no ser as\u00ed terminar\u00e1 trayendo m\u00e1s problemas que recompensas.<\/p>\n\n\n\n<p>Las organizaciones que tienen culturas de valent\u00eda intelectual son capaces de reconocer la vulnerabilidad de las personas y resultados en vez de castigarlos. Un l\u00edder necesita influir en promoverla estableciendo el ambiente y normas. Disidencia constructiva sin caer en tensiones debilitantes.<\/p>\n\n\n\n<p>Bregman  (2015) comenta en una publicaci\u00f3n del Harvard business review que \u201cincluso como adultos, tendemos a conformarnos con los comportamientos de quienes nos rodean\u201d. Si sus colegas toman extensas horas de almuerzo, entonces empezar\u00e1s a tomarlos tambi\u00e9n, si tus colegas est\u00e1n desordenad@s te volver\u00e1s m\u00e1s desordenad@\u201d \u00bfQui\u00e9nes est\u00e1n a tu alrededor? \u00bfSus compartiemiento te ayudan a avanza o te entrampan? \u00bfQu\u00e9 habitos quisieras mejorar y quienes en tu entorno te pueden acompa\u00f1ar en ese proceso?<\/p>\n\n\n\n<p>Si pides la opini\u00f3n sobre una idea y se genera un silencio inc\u00f3modo o te responden lo mismo de siempre, casi es una repetici\u00f3n de lo que dijiste, podr\u00eda ser un semaforo en amarillo que hay oportunidades de promoveer una licencia de no estar de acuerdo.<\/p>\n\n\n\n<h2 class=\"wp-block-heading\">Estimula valent\u00eda intelectual en el equipo<\/h2>\n\n\n\n<p>Timothy Clark sugiere siete formas de crear valent\u00eda intelectual en un equipo:<\/p>\n\n\n\n<p><strong>1)No crees miedo<\/strong><\/p>\n\n\n\n<figure class=\"wp-block-image size-large is-resized\"><img data-recalc-dims=\"1\" loading=\"lazy\" decoding=\"async\" data-attachment-id=\"623\" data-permalink=\"https:\/\/paulaibanez.cl\/blog\/licencia-para-no-estar-de-acuerdo-primer-paso-para-innovar\/captura-de-pantalla-2020-10-16-a-las-17-38-03\/\" data-orig-file=\"https:\/\/i0.wp.com\/paulaibanez.cl\/blog\/wp-content\/uploads\/2020\/10\/Captura-de-Pantalla-2020-10-16-a-las-17.38.03.png?fit=641%2C508&amp;ssl=1\" data-orig-size=\"641,508\" data-comments-opened=\"1\" data-image-meta=\"{&quot;aperture&quot;:&quot;0&quot;,&quot;credit&quot;:&quot;&quot;,&quot;camera&quot;:&quot;&quot;,&quot;caption&quot;:&quot;&quot;,&quot;created_timestamp&quot;:&quot;0&quot;,&quot;copyright&quot;:&quot;&quot;,&quot;focal_length&quot;:&quot;0&quot;,&quot;iso&quot;:&quot;0&quot;,&quot;shutter_speed&quot;:&quot;0&quot;,&quot;title&quot;:&quot;&quot;,&quot;orientation&quot;:&quot;0&quot;}\" data-image-title=\"Captura-de-Pantalla-2020-10-16-a-las-17.38.03\" data-image-description=\"\" data-image-caption=\"\" data-large-file=\"https:\/\/i0.wp.com\/paulaibanez.cl\/blog\/wp-content\/uploads\/2020\/10\/Captura-de-Pantalla-2020-10-16-a-las-17.38.03.png?fit=641%2C508&amp;ssl=1\" src=\"https:\/\/i0.wp.com\/paulaibanez.cl\/blog\/wp-content\/uploads\/2020\/10\/Captura-de-Pantalla-2020-10-16-a-las-17.38.03.png?resize=530%2C420&#038;ssl=1\" data-orig-src=\"https:\/\/paulaibanez.cl\/blog\/wp-content\/uploads\/2020\/10\/Captura-de-Pantalla-2020-10-16-a-las-17.38.03.png\" alt=\"\" class=\"lazyload wp-image-623\" width=\"530\" height=\"420\" srcset=\"data:image\/svg+xml,%3Csvg%20xmlns%3D%27http%3A%2F%2Fwww.w3.org%2F2000%2Fsvg%27%20width%3D%27530%27%20height%3D%27420%27%20viewBox%3D%270%200%20530%20420%27%3E%3Crect%20width%3D%27530%27%20height%3D%273420%27%20fill-opacity%3D%220%22%2F%3E%3C%2Fsvg%3E\" data-srcset=\"https:\/\/i0.wp.com\/paulaibanez.cl\/blog\/wp-content\/uploads\/2020\/10\/Captura-de-Pantalla-2020-10-16-a-las-17.38.03.png?resize=200%2C159&amp;ssl=1 200w, https:\/\/i0.wp.com\/paulaibanez.cl\/blog\/wp-content\/uploads\/2020\/10\/Captura-de-Pantalla-2020-10-16-a-las-17.38.03.png?resize=300%2C238&amp;ssl=1 300w, https:\/\/i0.wp.com\/paulaibanez.cl\/blog\/wp-content\/uploads\/2020\/10\/Captura-de-Pantalla-2020-10-16-a-las-17.38.03.png?resize=400%2C317&amp;ssl=1 400w, https:\/\/i0.wp.com\/paulaibanez.cl\/blog\/wp-content\/uploads\/2020\/10\/Captura-de-Pantalla-2020-10-16-a-las-17.38.03.png?resize=600%2C476&amp;ssl=1 600w, https:\/\/i0.wp.com\/paulaibanez.cl\/blog\/wp-content\/uploads\/2020\/10\/Captura-de-Pantalla-2020-10-16-a-las-17.38.03.png?w=641&amp;ssl=1 641w\" data-sizes=\"auto\" data-orig-sizes=\"auto, (max-width: 530px) 100vw, 530px\" \/><\/figure>\n\n\n\n<p>El miedo hace que las personas se autocensuren y mantengan el silencio.<\/p>\n\n\n\n<p>Las formas de crear miedo, sin incluso darse cuenta, pasan por cortar de manera brusca la conversaci\u00f3n con un colaborador, dar vueltas los ojos cuando otros hablan o ignorar a un miembro del equipo en una reuni\u00f3n. Otras m\u00e1s evidentes es avergonzar p\u00fablicamente a alguien por preguntar.<\/p>\n\n\n\n<p><strong>2)Asigna un cuestionador<\/strong><\/p>\n\n\n\n<figure class=\"wp-block-image size-large is-resized\"><img data-recalc-dims=\"1\" loading=\"lazy\" decoding=\"async\" data-attachment-id=\"624\" data-permalink=\"https:\/\/paulaibanez.cl\/blog\/licencia-para-no-estar-de-acuerdo-primer-paso-para-innovar\/captura-de-pantalla-2020-10-16-a-las-17-38-53\/\" data-orig-file=\"https:\/\/i0.wp.com\/paulaibanez.cl\/blog\/wp-content\/uploads\/2020\/10\/Captura-de-Pantalla-2020-10-16-a-las-17.38.53.png?fit=640%2C508&amp;ssl=1\" data-orig-size=\"640,508\" data-comments-opened=\"1\" data-image-meta=\"{&quot;aperture&quot;:&quot;0&quot;,&quot;credit&quot;:&quot;&quot;,&quot;camera&quot;:&quot;&quot;,&quot;caption&quot;:&quot;&quot;,&quot;created_timestamp&quot;:&quot;0&quot;,&quot;copyright&quot;:&quot;&quot;,&quot;focal_length&quot;:&quot;0&quot;,&quot;iso&quot;:&quot;0&quot;,&quot;shutter_speed&quot;:&quot;0&quot;,&quot;title&quot;:&quot;&quot;,&quot;orientation&quot;:&quot;0&quot;}\" data-image-title=\"Captura-de-Pantalla-2020-10-16-a-las-17.38.53\" data-image-description=\"\" data-image-caption=\"\" data-large-file=\"https:\/\/i0.wp.com\/paulaibanez.cl\/blog\/wp-content\/uploads\/2020\/10\/Captura-de-Pantalla-2020-10-16-a-las-17.38.53.png?fit=640%2C508&amp;ssl=1\" src=\"https:\/\/i0.wp.com\/paulaibanez.cl\/blog\/wp-content\/uploads\/2020\/10\/Captura-de-Pantalla-2020-10-16-a-las-17.38.53.png?resize=530%2C420&#038;ssl=1\" data-orig-src=\"https:\/\/paulaibanez.cl\/blog\/wp-content\/uploads\/2020\/10\/Captura-de-Pantalla-2020-10-16-a-las-17.38.53.png\" alt=\"Cuestionador\" class=\"lazyload wp-image-624\" width=\"530\" height=\"420\" srcset=\"data:image\/svg+xml,%3Csvg%20xmlns%3D%27http%3A%2F%2Fwww.w3.org%2F2000%2Fsvg%27%20width%3D%27530%27%20height%3D%27420%27%20viewBox%3D%270%200%20530%20420%27%3E%3Crect%20width%3D%27530%27%20height%3D%273420%27%20fill-opacity%3D%220%22%2F%3E%3C%2Fsvg%3E\" data-srcset=\"https:\/\/i0.wp.com\/paulaibanez.cl\/blog\/wp-content\/uploads\/2020\/10\/Captura-de-Pantalla-2020-10-16-a-las-17.38.53.png?resize=200%2C159&amp;ssl=1 200w, https:\/\/i0.wp.com\/paulaibanez.cl\/blog\/wp-content\/uploads\/2020\/10\/Captura-de-Pantalla-2020-10-16-a-las-17.38.53.png?resize=300%2C238&amp;ssl=1 300w, https:\/\/i0.wp.com\/paulaibanez.cl\/blog\/wp-content\/uploads\/2020\/10\/Captura-de-Pantalla-2020-10-16-a-las-17.38.53.png?resize=400%2C318&amp;ssl=1 400w, https:\/\/i0.wp.com\/paulaibanez.cl\/blog\/wp-content\/uploads\/2020\/10\/Captura-de-Pantalla-2020-10-16-a-las-17.38.53.png?resize=600%2C476&amp;ssl=1 600w, https:\/\/i0.wp.com\/paulaibanez.cl\/blog\/wp-content\/uploads\/2020\/10\/Captura-de-Pantalla-2020-10-16-a-las-17.38.53.png?w=640&amp;ssl=1 640w\" data-sizes=\"auto\" data-orig-sizes=\"auto, (max-width: 530px) 100vw, 530px\" \/><\/figure>\n\n\n\n<p>En las reuniones, de manera predetermina,&nbsp;&nbsp;elije \u00e9ste rol, ojal\u00e1 que vaya rotando entre los integrantes del equipo. Permite que la valent\u00eda intelectual se convierta en una norma, permitiendo explorar otros escenarios.<\/p>\n\n\n\n<p><strong>3)Rompe silos<\/strong><\/p>\n\n\n\n<figure class=\"wp-block-image size-large is-resized\"><img loading=\"lazy\" decoding=\"async\" data-attachment-id=\"750\" data-permalink=\"https:\/\/paulaibanez.cl\/blog\/por-que-cuesta-tanto-cambiar-consejos-para-lograrlo\/captura-de-pantalla-2020-11-13-a-las-22-09-53\/\" data-orig-file=\"https:\/\/i0.wp.com\/paulaibanez.cl\/blog\/wp-content\/uploads\/2020\/11\/Captura-de-Pantalla-2020-11-13-a-las-22.09.53.png?fit=638%2C512&amp;ssl=1\" data-orig-size=\"638,512\" data-comments-opened=\"1\" data-image-meta=\"{&quot;aperture&quot;:&quot;0&quot;,&quot;credit&quot;:&quot;&quot;,&quot;camera&quot;:&quot;&quot;,&quot;caption&quot;:&quot;&quot;,&quot;created_timestamp&quot;:&quot;0&quot;,&quot;copyright&quot;:&quot;&quot;,&quot;focal_length&quot;:&quot;0&quot;,&quot;iso&quot;:&quot;0&quot;,&quot;shutter_speed&quot;:&quot;0&quot;,&quot;title&quot;:&quot;&quot;,&quot;orientation&quot;:&quot;0&quot;}\" data-image-title=\"Captura-de-Pantalla-2020-11-13-a-las-22.09.53\" data-image-description=\"\" data-image-caption=\"\" data-large-file=\"https:\/\/i0.wp.com\/paulaibanez.cl\/blog\/wp-content\/uploads\/2020\/11\/Captura-de-Pantalla-2020-11-13-a-las-22.09.53.png?fit=638%2C512&amp;ssl=1\" src=\"data:image\/svg+xml,%3Csvg%20xmlns%3D%27http%3A%2F%2Fwww.w3.org%2F2000%2Fsvg%27%20width%3D%27530%27%20height%3D%27420%27%20viewBox%3D%270%200%20530%20420%27%3E%3Crect%20width%3D%27530%27%20height%3D%273420%27%20fill-opacity%3D%220%22%2F%3E%3C%2Fsvg%3E\" data-orig-src=\"https:\/\/paulaibanez.cl\/blog\/wp-content\/uploads\/2020\/11\/Captura-de-Pantalla-2020-11-13-a-las-22.09.53.png\" alt=\"\" class=\"lazyload wp-image-750\" width=\"530\" height=\"420\"\/><\/figure>\n\n\n\n<p>Crea oportunidades de formar nuevos equipos de trabajo, que los integrantes puedan conectar cosas que parecen no estarlo, que piensen m\u00e1s all\u00e1 de sus roles. Por supuesto gestiona la disidencia constructiva para no producir una constante&nbsp;<strong><a href=\"https:\/\/paulaibanez.cl\/blog\/la-mente-hipercritica\/\" data-type=\"URL\" data-id=\"https:\/\/paulaibanez.cl\/blog\/la-mente-hipercritica\/\" target=\"_blank\" rel=\"noreferrer noopener\">cr\u00edtica<\/a>&nbsp;<\/strong>destructiva.<\/p>\n\n\n\n<p><strong>4)Escucha con empat\u00eda y curiosidad<\/strong><\/p>\n\n\n\n<figure class=\"wp-block-image size-large is-resized\"><img data-recalc-dims=\"1\" loading=\"lazy\" decoding=\"async\" data-attachment-id=\"606\" data-permalink=\"https:\/\/paulaibanez.cl\/blog\/teletrabajo-un-hogar-cerebralmente-amigable\/captura-de-pantalla-2020-10-13-a-las-15-32-24\/\" data-orig-file=\"https:\/\/i0.wp.com\/paulaibanez.cl\/blog\/wp-content\/uploads\/2020\/07\/Captura-de-Pantalla-2020-10-13-a-las-15.32.24.png?fit=699%2C558&amp;ssl=1\" data-orig-size=\"699,558\" data-comments-opened=\"1\" data-image-meta=\"{&quot;aperture&quot;:&quot;0&quot;,&quot;credit&quot;:&quot;&quot;,&quot;camera&quot;:&quot;&quot;,&quot;caption&quot;:&quot;&quot;,&quot;created_timestamp&quot;:&quot;0&quot;,&quot;copyright&quot;:&quot;&quot;,&quot;focal_length&quot;:&quot;0&quot;,&quot;iso&quot;:&quot;0&quot;,&quot;shutter_speed&quot;:&quot;0&quot;,&quot;title&quot;:&quot;&quot;,&quot;orientation&quot;:&quot;0&quot;}\" data-image-title=\"Casa cerebralmente amigable\" data-image-description=\"&lt;p&gt;Casa cerebralmente amigable&lt;\/p&gt;\n\" data-image-caption=\"&lt;p&gt;Casa cerebralmente amigable&lt;\/p&gt;\n\" data-large-file=\"https:\/\/i0.wp.com\/paulaibanez.cl\/blog\/wp-content\/uploads\/2020\/07\/Captura-de-Pantalla-2020-10-13-a-las-15.32.24.png?fit=699%2C558&amp;ssl=1\" src=\"https:\/\/i0.wp.com\/paulaibanez.cl\/blog\/wp-content\/uploads\/2020\/07\/Captura-de-Pantalla-2020-10-13-a-las-15.32.24.png?resize=530%2C420&#038;ssl=1\" data-orig-src=\"https:\/\/paulaibanez.cl\/blog\/wp-content\/uploads\/2020\/07\/Captura-de-Pantalla-2020-10-13-a-las-15.32.24.png\" alt=\"\" class=\"lazyload wp-image-606\" width=\"530\" height=\"420\" srcset=\"data:image\/svg+xml,%3Csvg%20xmlns%3D%27http%3A%2F%2Fwww.w3.org%2F2000%2Fsvg%27%20width%3D%27530%27%20height%3D%27420%27%20viewBox%3D%270%200%20530%20420%27%3E%3Crect%20width%3D%27530%27%20height%3D%273420%27%20fill-opacity%3D%220%22%2F%3E%3C%2Fsvg%3E\" data-srcset=\"https:\/\/i0.wp.com\/paulaibanez.cl\/blog\/wp-content\/uploads\/2020\/07\/Captura-de-Pantalla-2020-10-13-a-las-15.32.24.png?resize=300%2C239&amp;ssl=1 300w, https:\/\/i0.wp.com\/paulaibanez.cl\/blog\/wp-content\/uploads\/2020\/07\/Captura-de-Pantalla-2020-10-13-a-las-15.32.24.png?fit=699%2C558&amp;ssl=1 699w\" data-sizes=\"auto\" data-orig-sizes=\"auto, (max-width: 530px) 100vw, 530px\" \/><\/figure>\n\n\n\n<p>Si alguien de tu equipo te comparte una idea disruptiva o una noticia que pareciera no buena, respira profundo, mira a la otra persona directamente y asiente con tu cabeza, no te cruces de piernas ni manos ( esto podria notar incluso en las video llamadas) Recuerda como el lenguaje no verbal revela m\u00e1s de tus emociones de lo que crees.<\/p>\n\n\n\n<p>Transmite la sensaci\u00f3n que est\u00e1n en este viaje juntos, busca como resolver y pregunta m\u00e1s que responde.<\/p>\n\n\n\n<p><strong>5)Explica<\/strong><\/p>\n\n\n\n<div class=\"wp-block-image\"><figure class=\"aligncenter size-large is-resized\"><img data-recalc-dims=\"1\" loading=\"lazy\" decoding=\"async\" data-attachment-id=\"626\" data-permalink=\"https:\/\/paulaibanez.cl\/blog\/licencia-para-no-estar-de-acuerdo-primer-paso-para-innovar\/captura-de-pantalla-2020-10-16-a-las-17-41-44\/\" data-orig-file=\"https:\/\/i0.wp.com\/paulaibanez.cl\/blog\/wp-content\/uploads\/2020\/10\/Captura-de-Pantalla-2020-10-16-a-las-17.41.44.png?fit=639%2C502&amp;ssl=1\" data-orig-size=\"639,502\" data-comments-opened=\"1\" data-image-meta=\"{&quot;aperture&quot;:&quot;0&quot;,&quot;credit&quot;:&quot;&quot;,&quot;camera&quot;:&quot;&quot;,&quot;caption&quot;:&quot;&quot;,&quot;created_timestamp&quot;:&quot;0&quot;,&quot;copyright&quot;:&quot;&quot;,&quot;focal_length&quot;:&quot;0&quot;,&quot;iso&quot;:&quot;0&quot;,&quot;shutter_speed&quot;:&quot;0&quot;,&quot;title&quot;:&quot;&quot;,&quot;orientation&quot;:&quot;0&quot;}\" data-image-title=\"Captura-de-Pantalla-2020-10-16-a-las-17.41.44\" data-image-description=\"\" data-image-caption=\"\" data-large-file=\"https:\/\/i0.wp.com\/paulaibanez.cl\/blog\/wp-content\/uploads\/2020\/10\/Captura-de-Pantalla-2020-10-16-a-las-17.41.44.png?fit=639%2C502&amp;ssl=1\" src=\"https:\/\/i0.wp.com\/paulaibanez.cl\/blog\/wp-content\/uploads\/2020\/10\/Captura-de-Pantalla-2020-10-16-a-las-17.41.44.png?resize=530%2C420&#038;ssl=1\" data-orig-src=\"https:\/\/paulaibanez.cl\/blog\/wp-content\/uploads\/2020\/10\/Captura-de-Pantalla-2020-10-16-a-las-17.41.44.png\" alt=\"Explica\" class=\"lazyload wp-image-626\" width=\"530\" height=\"420\" srcset=\"data:image\/svg+xml,%3Csvg%20xmlns%3D%27http%3A%2F%2Fwww.w3.org%2F2000%2Fsvg%27%20width%3D%27530%27%20height%3D%27420%27%20viewBox%3D%270%200%20530%20420%27%3E%3Crect%20width%3D%27530%27%20height%3D%273420%27%20fill-opacity%3D%220%22%2F%3E%3C%2Fsvg%3E\" data-srcset=\"https:\/\/i0.wp.com\/paulaibanez.cl\/blog\/wp-content\/uploads\/2020\/10\/Captura-de-Pantalla-2020-10-16-a-las-17.41.44.png?resize=200%2C157&amp;ssl=1 200w, https:\/\/i0.wp.com\/paulaibanez.cl\/blog\/wp-content\/uploads\/2020\/10\/Captura-de-Pantalla-2020-10-16-a-las-17.41.44.png?fit=639%2C502&amp;ssl=1 639w\" data-sizes=\"auto\" data-orig-sizes=\"auto, (max-width: 530px) 100vw, 530px\" \/><\/figure><\/div>\n\n\n\n<p>Si alguien te hace una sugerencia, explica la raz\u00f3n porque se ha decidido no tomarla en cuenta, a lo menos en este momento. Nunca te cierres con un NO rotundo. Los escenarios cambian y hay que estar abiertos a convertir NOS en Si, de ser necesario. As\u00ed el colaborador no sentir\u00e1 un rechazo seguir\u00e1 realizando comentarios y usando su licencia de \u201cno estar de acuerdo\u201d<\/p>\n\n\n\n<p><strong>6)Se el \u00faltimo<\/strong><\/p>\n\n\n\n<figure class=\"wp-block-image size-large is-resized\"><img data-recalc-dims=\"1\" loading=\"lazy\" decoding=\"async\" data-attachment-id=\"628\" data-permalink=\"https:\/\/paulaibanez.cl\/blog\/licencia-para-no-estar-de-acuerdo-primer-paso-para-innovar\/captura-de-pantalla-2020-10-16-a-las-17-43-05\/\" data-orig-file=\"https:\/\/i0.wp.com\/paulaibanez.cl\/blog\/wp-content\/uploads\/2020\/10\/Captura-de-Pantalla-2020-10-16-a-las-17.43.05.png?fit=643%2C510&amp;ssl=1\" data-orig-size=\"643,510\" data-comments-opened=\"1\" data-image-meta=\"{&quot;aperture&quot;:&quot;0&quot;,&quot;credit&quot;:&quot;&quot;,&quot;camera&quot;:&quot;&quot;,&quot;caption&quot;:&quot;&quot;,&quot;created_timestamp&quot;:&quot;0&quot;,&quot;copyright&quot;:&quot;&quot;,&quot;focal_length&quot;:&quot;0&quot;,&quot;iso&quot;:&quot;0&quot;,&quot;shutter_speed&quot;:&quot;0&quot;,&quot;title&quot;:&quot;&quot;,&quot;orientation&quot;:&quot;0&quot;}\" data-image-title=\"Captura-de-Pantalla-2020-10-16-a-las-17.43.05\" data-image-description=\"\" data-image-caption=\"\" data-large-file=\"https:\/\/i0.wp.com\/paulaibanez.cl\/blog\/wp-content\/uploads\/2020\/10\/Captura-de-Pantalla-2020-10-16-a-las-17.43.05.png?fit=643%2C510&amp;ssl=1\" src=\"https:\/\/i0.wp.com\/paulaibanez.cl\/blog\/wp-content\/uploads\/2020\/10\/Captura-de-Pantalla-2020-10-16-a-las-17.43.05.png?resize=530%2C420&#038;ssl=1\" data-orig-src=\"https:\/\/paulaibanez.cl\/blog\/wp-content\/uploads\/2020\/10\/Captura-de-Pantalla-2020-10-16-a-las-17.43.05.png\" alt=\"\u00faltimo\" class=\"lazyload wp-image-628\" width=\"530\" height=\"420\" srcset=\"data:image\/svg+xml,%3Csvg%20xmlns%3D%27http%3A%2F%2Fwww.w3.org%2F2000%2Fsvg%27%20width%3D%27530%27%20height%3D%27420%27%20viewBox%3D%270%200%20530%20420%27%3E%3Crect%20width%3D%27530%27%20height%3D%273420%27%20fill-opacity%3D%220%22%2F%3E%3C%2Fsvg%3E\" data-srcset=\"https:\/\/i0.wp.com\/paulaibanez.cl\/blog\/wp-content\/uploads\/2020\/10\/Captura-de-Pantalla-2020-10-16-a-las-17.43.05.png?resize=200%2C159&amp;ssl=1 200w, https:\/\/i0.wp.com\/paulaibanez.cl\/blog\/wp-content\/uploads\/2020\/10\/Captura-de-Pantalla-2020-10-16-a-las-17.43.05.png?resize=300%2C238&amp;ssl=1 300w, https:\/\/i0.wp.com\/paulaibanez.cl\/blog\/wp-content\/uploads\/2020\/10\/Captura-de-Pantalla-2020-10-16-a-las-17.43.05.png?resize=400%2C317&amp;ssl=1 400w, https:\/\/i0.wp.com\/paulaibanez.cl\/blog\/wp-content\/uploads\/2020\/10\/Captura-de-Pantalla-2020-10-16-a-las-17.43.05.png?resize=600%2C476&amp;ssl=1 600w, https:\/\/i0.wp.com\/paulaibanez.cl\/blog\/wp-content\/uploads\/2020\/10\/Captura-de-Pantalla-2020-10-16-a-las-17.43.05.png?w=643&amp;ssl=1 643w\" data-sizes=\"auto\" data-orig-sizes=\"auto, (max-width: 530px) 100vw, 530px\" \/><\/figure>\n\n\n\n<p>Tu cargo o la experiencia en un \u00e1rea, puede llevar a otros a autocensurarse, por lo tanto, primero escucha atentamente a los dem\u00e1s, reconoce las opiniones expuesta y da tu punto de vista al \u00faltimo.<\/p>\n\n\n\n<p><strong>7)Comparte tus errores<\/strong><\/p>\n\n\n\n<figure class=\"wp-block-image size-large is-resized\"><img data-recalc-dims=\"1\" loading=\"lazy\" decoding=\"async\" data-attachment-id=\"629\" data-permalink=\"https:\/\/paulaibanez.cl\/blog\/licencia-para-no-estar-de-acuerdo-primer-paso-para-innovar\/captura-de-pantalla-2020-10-16-a-las-17-43-48\/\" data-orig-file=\"https:\/\/i0.wp.com\/paulaibanez.cl\/blog\/wp-content\/uploads\/2020\/10\/Captura-de-Pantalla-2020-10-16-a-las-17.43.48.png?fit=641%2C509&amp;ssl=1\" data-orig-size=\"641,509\" data-comments-opened=\"1\" data-image-meta=\"{&quot;aperture&quot;:&quot;0&quot;,&quot;credit&quot;:&quot;&quot;,&quot;camera&quot;:&quot;&quot;,&quot;caption&quot;:&quot;&quot;,&quot;created_timestamp&quot;:&quot;0&quot;,&quot;copyright&quot;:&quot;&quot;,&quot;focal_length&quot;:&quot;0&quot;,&quot;iso&quot;:&quot;0&quot;,&quot;shutter_speed&quot;:&quot;0&quot;,&quot;title&quot;:&quot;&quot;,&quot;orientation&quot;:&quot;0&quot;}\" data-image-title=\"Captura-de-Pantalla-2020-10-16-a-las-17.43.48\" data-image-description=\"\" data-image-caption=\"\" data-large-file=\"https:\/\/i0.wp.com\/paulaibanez.cl\/blog\/wp-content\/uploads\/2020\/10\/Captura-de-Pantalla-2020-10-16-a-las-17.43.48.png?fit=641%2C509&amp;ssl=1\" src=\"https:\/\/i0.wp.com\/paulaibanez.cl\/blog\/wp-content\/uploads\/2020\/10\/Captura-de-Pantalla-2020-10-16-a-las-17.43.48.png?resize=530%2C420&#038;ssl=1\" data-orig-src=\"https:\/\/paulaibanez.cl\/blog\/wp-content\/uploads\/2020\/10\/Captura-de-Pantalla-2020-10-16-a-las-17.43.48.png\" alt=\"Comparte errores\" class=\"lazyload wp-image-629\" width=\"530\" height=\"420\" srcset=\"data:image\/svg+xml,%3Csvg%20xmlns%3D%27http%3A%2F%2Fwww.w3.org%2F2000%2Fsvg%27%20width%3D%27530%27%20height%3D%27420%27%20viewBox%3D%270%200%20530%20420%27%3E%3Crect%20width%3D%27530%27%20height%3D%273420%27%20fill-opacity%3D%220%22%2F%3E%3C%2Fsvg%3E\" data-srcset=\"https:\/\/i0.wp.com\/paulaibanez.cl\/blog\/wp-content\/uploads\/2020\/10\/Captura-de-Pantalla-2020-10-16-a-las-17.43.48.png?resize=200%2C159&amp;ssl=1 200w, https:\/\/i0.wp.com\/paulaibanez.cl\/blog\/wp-content\/uploads\/2020\/10\/Captura-de-Pantalla-2020-10-16-a-las-17.43.48.png?resize=300%2C238&amp;ssl=1 300w, https:\/\/i0.wp.com\/paulaibanez.cl\/blog\/wp-content\/uploads\/2020\/10\/Captura-de-Pantalla-2020-10-16-a-las-17.43.48.png?resize=400%2C318&amp;ssl=1 400w, https:\/\/i0.wp.com\/paulaibanez.cl\/blog\/wp-content\/uploads\/2020\/10\/Captura-de-Pantalla-2020-10-16-a-las-17.43.48.png?resize=600%2C476&amp;ssl=1 600w, https:\/\/i0.wp.com\/paulaibanez.cl\/blog\/wp-content\/uploads\/2020\/10\/Captura-de-Pantalla-2020-10-16-a-las-17.43.48.png?w=641&amp;ssl=1 641w\" data-sizes=\"auto\" data-orig-sizes=\"auto, (max-width: 530px) 100vw, 530px\" \/><\/figure>\n\n\n\n<p>Cada d\u00eda mas, las personas entienden el valor de reconocer los errores, sobre todo en organizaciones con&nbsp;<strong><a href=\"https:\/\/paulaibanez.cl\/blog\/beneficio-de-growth-mindset-en-las-organizaciones\/\" data-type=\"URL\" data-id=\"https:\/\/paulaibanez.cl\/blog\/beneficio-de-growth-mindset-en-las-organizaciones\/\" target=\"_blank\" rel=\"noreferrer noopener\">mentalidad de crecimiento<\/a>,&nbsp;<\/strong>donde se considera parte del aprendizaje.&nbsp;<\/p>\n\n\n\n<p>Reconoce lo que no sabes, incluso hace que los colaboradores te tengan m\u00e1s&nbsp;<strong><a href=\"https:\/\/paulaibanez.cl\/blog\/11-cosas-que-un-lider-debe-saber-sobre-la-confianza\/\" data-type=\"URL\" data-id=\"https:\/\/paulaibanez.cl\/blog\/11-cosas-que-un-lider-debe-saber-sobre-la-confianza\/\" target=\"_blank\" rel=\"noreferrer noopener\">confianza<\/a>.<\/strong><\/p>\n\n\n\n<p>He visto en muchos coaching de equipo que he facilitado, como las personas mienten casi innecesariamente, en culturas donde el&nbsp;<strong><a href=\"https:\/\/paulaibanez.cl\/blog\/ser-lider-de-un-equipo-no-es-un-trabajo-facil-test-mindset\/\" data-type=\"URL\" data-id=\"https:\/\/paulaibanez.cl\/blog\/ser-lider-de-un-equipo-no-es-un-trabajo-facil-test-mindset\/\" target=\"_blank\" rel=\"noreferrer noopener\">l\u00edder<\/a><\/strong>&nbsp;no permite el error. Adem\u00e1s de generar ambientes super competitivos y con fricci\u00f3n.<\/p>\n\n\n\n<h2 class=\"wp-block-heading\">Seguridad psicol\u00f3gica&nbsp;<\/h2>\n\n\n\n<p>La seguridad psicol\u00f3gica se produce cuando las personas sienten que pueden plantear<a href=\"https:\/\/paulaibanez.cl\/blog\/el-poder-de-las-preguntas-apropiadas-en-el-ambiente-correcto\/\" data-type=\"URL\" data-id=\"https:\/\/paulaibanez.cl\/blog\/el-poder-de-las-preguntas-apropiadas-en-el-ambiente-correcto\/\" target=\"_blank\" rel=\"noreferrer noopener\">&nbsp;<strong>preguntas<\/strong><\/a><strong>,<\/strong> inquietudes e ideas sin temor a repercusiones personales (Edmonson y Daley, 2020)&nbsp;<\/p>\n\n\n\n<p>Crear y estimular la seguridad psicol\u00f3gica no es tarea f\u00e1cil, requiere mucha inteligencia emocional y un ego controlado. Si puedes estimular que las personas se sientan seguras al opinar, estar\u00e1s poniendo un piso firme a la valent\u00eda intelectual en tu equipo.<\/p>\n\n\n\n<p>\u00bfCu\u00e1ntas veces al d\u00eda usas tu valent\u00eda intelectual? \u00bfTu organizaci\u00f3n la valora? \u00bfC\u00f3mo l\u00edder que acciones realizar para estimular a tu equipo a explotar la valent\u00eda intelectual?<\/p>\n\n\n\n<p>Bueno, nunca es tarde para incorporar nuevas ideas, poner mayor&nbsp;<strong>atenci\u00f3n<\/strong>&nbsp;a lo que otros est\u00e1n pensando y quiz\u00e1s no se atreven a decir.&nbsp;<strong>Preguntar<\/strong>&nbsp;de una forma correcta en el momento adecuado, puede ayudarte a descubrir todo tu potencial como el de tu equipo.<\/p>\n\n\n\n<p>Si crees que estos tips pueden ayudar a otras personas te invito a compartir este blog y por supuesto te invito a suscribirte, as\u00ed no te perderas ning\u00fan art\u00edculo.<\/p>\n\n\n\n<p>Si est\u00e1s leyendo en la computadora el final del blog puedes encontrar donde suscribirte.<\/p>\n\n\n\n<p>Si est\u00e1s desde tu m\u00f3vil, ve el final del blog y apreta \u201cver sitio completo\u201d, ah\u00ed te lleva a la p\u00e1gina, vas para abajo y te suscribes. (lo siento, wordpress no mejora esto a\u00fan para celulares, espero que pronto lo haga. \u00a1Pero te espero!!)<\/p>\n\n\n\n<p>Gracias<\/p>\n\n\n\n<p>Paula<\/p>\n","protected":false},"excerpt":{"rendered":"<p>Tener una licencia para no estar de acuerdo, permite a las organizaciones y equipos, innovar. Se necesita valent\u00eda intelectual, seguridad psicol\u00f3gica y un l\u00edder dispuesto para ello. A nivel de equipos como organizacional es importante considerar la innovaci\u00f3n como un valor fundamental. Para&nbsp;&nbsp;as\u00ed, tomar mejores decisiones, tener una visi\u00f3n de futuro actualizada, aprovechar las oportunidades impulsando nuevos modelos de negocio, ofrecer [&hellip;]<\/p>\n","protected":false},"author":2,"featured_media":772,"comment_status":"open","ping_status":"open","sticky":false,"template":"","format":"standard","meta":{"jetpack_post_was_ever_published":false,"_jetpack_newsletter_access":"","_jetpack_dont_email_post_to_subs":true,"_jetpack_newsletter_tier_id":0,"_jetpack_memberships_contains_paywalled_content":false,"_jetpack_memberships_contains_paid_content":false,"footnotes":"","jetpack_publicize_message":"","jetpack_publicize_feature_enabled":true,"jetpack_social_post_already_shared":true,"jetpack_social_options":{"image_generator_settings":{"template":"highway","default_image_id":0,"font":"","enabled":false},"version":2}},"categories":[259,262,261],"tags":[11,291,293,66,292,289],"class_list":["post-621","post","type-post","status-publish","format-standard","has-post-thumbnail","hentry","category-coaching","category-equipos-alto-rendimiento","category-liderazgo","tag-confianza","tag-innovacion","tag-liderfectivo","tag-neuroliderazgo","tag-seguridad-psicologica-2","tag-valentia-intelectual"],"aioseo_notices":[],"jetpack_publicize_connections":[],"jetpack_featured_media_url":"https:\/\/i0.wp.com\/paulaibanez.cl\/blog\/wp-content\/uploads\/2020\/10\/Captura-de-Pantalla-2020-11-22-a-las-09.05.24.png?fit=633%2C506&ssl=1","jetpack_sharing_enabled":true,"jetpack_shortlink":"https:\/\/wp.me\/p6aqPL-a1","jetpack-related-posts":[{"id":313,"url":"https:\/\/paulaibanez.cl\/blog\/creatividad-la-maxima-competencia-de-liderazgo-en-empresas\/","url_meta":{"origin":621,"position":0},"title":"Creatividad la m\u00e1xima competencia de liderazgo en empresas","author":"Paula Iba\u00f1ez","date":"14 abril, 2016","format":false,"excerpt":"La creatividad junto con la adaptabilidad son unas de las competencias que m\u00e1s se necesitan para enfrentar un mundo desafiante y cambiante como el que vivimos Ser creativo e innovador son los principales factores cr\u00edticos de \u00e9xito, no solo para las empresas, sino tambi\u00e9n para los l\u00edderes y sus equipos\u2026","rel":"","context":"En \u00abcoaching\u00bb","block_context":{"text":"coaching","link":"https:\/\/paulaibanez.cl\/blog\/category\/coaching\/"},"img":{"alt_text":"Creatividad la m\u00e1xima competencia de liderazgo en empresas","src":"https:\/\/i0.wp.com\/paulaibanez.cl\/blog\/wp-content\/uploads\/2016\/04\/Captura-de-Pantalla-2021-01-17-a-las-11.24.48.png?fit=767%2C593&ssl=1&resize=350%2C200","width":350,"height":200,"srcset":"https:\/\/i0.wp.com\/paulaibanez.cl\/blog\/wp-content\/uploads\/2016\/04\/Captura-de-Pantalla-2021-01-17-a-las-11.24.48.png?fit=767%2C593&ssl=1&resize=350%2C200 1x, https:\/\/i0.wp.com\/paulaibanez.cl\/blog\/wp-content\/uploads\/2016\/04\/Captura-de-Pantalla-2021-01-17-a-las-11.24.48.png?fit=767%2C593&ssl=1&resize=525%2C300 1.5x, https:\/\/i0.wp.com\/paulaibanez.cl\/blog\/wp-content\/uploads\/2016\/04\/Captura-de-Pantalla-2021-01-17-a-las-11.24.48.png?fit=767%2C593&ssl=1&resize=700%2C400 2x"},"classes":[]},{"id":388,"url":"https:\/\/paulaibanez.cl\/blog\/beneficio-de-growth-mindset-en-las-organizaciones\/","url_meta":{"origin":621,"position":1},"title":"Beneficio de growth mindset en las organizaciones","author":"Paula Iba\u00f1ez","date":"21 agosto, 2020","format":false,"excerpt":"Tener un growth mindset o mentalidad de crecimiento se ha convertido en una palabra de moda en muchas charlas y en la declaraci\u00f3n de misi\u00f3n de las empresas, por los beneficios al estimularla.","rel":"","context":"En \u00abcoaching\u00bb","block_context":{"text":"coaching","link":"https:\/\/paulaibanez.cl\/blog\/category\/coaching\/"},"img":{"alt_text":"Growth mindset en las organizaciones","src":"https:\/\/i0.wp.com\/paulaibanez.cl\/blog\/wp-content\/uploads\/2020\/08\/Diseno-sin-titulo-2.jpg?fit=1200%2C960&ssl=1&resize=350%2C200","width":350,"height":200,"srcset":"https:\/\/i0.wp.com\/paulaibanez.cl\/blog\/wp-content\/uploads\/2020\/08\/Diseno-sin-titulo-2.jpg?fit=1200%2C960&ssl=1&resize=350%2C200 1x, https:\/\/i0.wp.com\/paulaibanez.cl\/blog\/wp-content\/uploads\/2020\/08\/Diseno-sin-titulo-2.jpg?fit=1200%2C960&ssl=1&resize=525%2C300 1.5x, https:\/\/i0.wp.com\/paulaibanez.cl\/blog\/wp-content\/uploads\/2020\/08\/Diseno-sin-titulo-2.jpg?fit=1200%2C960&ssl=1&resize=700%2C400 2x, https:\/\/i0.wp.com\/paulaibanez.cl\/blog\/wp-content\/uploads\/2020\/08\/Diseno-sin-titulo-2.jpg?fit=1200%2C960&ssl=1&resize=1050%2C600 3x"},"classes":[]},{"id":1149,"url":"https:\/\/paulaibanez.cl\/blog\/como-un-lider-acompana-en-las-etapas-de-un-equipo\/","url_meta":{"origin":621,"position":2},"title":"C\u00f3mo un l\u00edder acompa\u00f1a en las etapas de un equipo","author":"Paula Iba\u00f1ez","date":"16 abril, 2021","format":false,"excerpt":"Trabajar en equipo no siempre es f\u00e1cil y para dirigirlo, un l\u00edder requiere de capacidades y habilidades concretas, acciones precisas, considerando las etapas en que el equipo se encuentra Un equipo transita por diferentes etapas,\u00a0\u00a0antes de ser realmente eficaz o de alto rendimiento. Cada fase tiene sus caracter\u00edsticas, desaf\u00edos, necesidades,\u2026","rel":"","context":"En \u00abcoaching\u00bb","block_context":{"text":"coaching","link":"https:\/\/paulaibanez.cl\/blog\/category\/coaching\/"},"img":{"alt_text":"C\u00f3mo un l\u00edder acompa\u00f1a en las etapas de un equipo","src":"https:\/\/i0.wp.com\/paulaibanez.cl\/blog\/wp-content\/uploads\/2021\/04\/15.jpg?fit=1200%2C960&ssl=1&resize=350%2C200","width":350,"height":200,"srcset":"https:\/\/i0.wp.com\/paulaibanez.cl\/blog\/wp-content\/uploads\/2021\/04\/15.jpg?fit=1200%2C960&ssl=1&resize=350%2C200 1x, https:\/\/i0.wp.com\/paulaibanez.cl\/blog\/wp-content\/uploads\/2021\/04\/15.jpg?fit=1200%2C960&ssl=1&resize=525%2C300 1.5x, https:\/\/i0.wp.com\/paulaibanez.cl\/blog\/wp-content\/uploads\/2021\/04\/15.jpg?fit=1200%2C960&ssl=1&resize=700%2C400 2x, https:\/\/i0.wp.com\/paulaibanez.cl\/blog\/wp-content\/uploads\/2021\/04\/15.jpg?fit=1200%2C960&ssl=1&resize=1050%2C600 3x"},"classes":[]},{"id":492,"url":"https:\/\/paulaibanez.cl\/blog\/9-formas-de-mejorar-por-completo-la-toma-de-decision\/","url_meta":{"origin":621,"position":3},"title":"9 formas de mejorar por completo la toma de decisi\u00f3n","author":"Paula Iba\u00f1ez","date":"2 octubre, 2020","format":false,"excerpt":"Una toma de decisi\u00f3n \u00f3ptima y enriquecedora para tu equipo, necesita que implementes un proceso basado en ciencia del comportamiento y experiencia. La zona pre frontal es vital para el an\u00e1lisis y toma de decisiones. Se cansa f\u00e1cilmente y guarda, al mismo tiempo, una cantidad de informaci\u00f3n limitada. De ah\u00ed\u2026","rel":"","context":"En \u00abcoaching\u00bb","block_context":{"text":"coaching","link":"https:\/\/paulaibanez.cl\/blog\/category\/coaching\/"},"img":{"alt_text":"9 formas mejorar toma decisi\u00f3n","src":"https:\/\/i0.wp.com\/paulaibanez.cl\/blog\/wp-content\/uploads\/2020\/10\/Diseno-sin-titulo.jpg?fit=1200%2C960&ssl=1&resize=350%2C200","width":350,"height":200,"srcset":"https:\/\/i0.wp.com\/paulaibanez.cl\/blog\/wp-content\/uploads\/2020\/10\/Diseno-sin-titulo.jpg?fit=1200%2C960&ssl=1&resize=350%2C200 1x, https:\/\/i0.wp.com\/paulaibanez.cl\/blog\/wp-content\/uploads\/2020\/10\/Diseno-sin-titulo.jpg?fit=1200%2C960&ssl=1&resize=525%2C300 1.5x, https:\/\/i0.wp.com\/paulaibanez.cl\/blog\/wp-content\/uploads\/2020\/10\/Diseno-sin-titulo.jpg?fit=1200%2C960&ssl=1&resize=700%2C400 2x, https:\/\/i0.wp.com\/paulaibanez.cl\/blog\/wp-content\/uploads\/2020\/10\/Diseno-sin-titulo.jpg?fit=1200%2C960&ssl=1&resize=1050%2C600 3x"},"classes":[]},{"id":464,"url":"https:\/\/paulaibanez.cl\/blog\/mejora-tus-habilidades-para-las-reuniones-virtuales\/","url_meta":{"origin":621,"position":4},"title":"Mejora tus habilidades para las reuniones virtuales","author":"Paula Iba\u00f1ez","date":"25 septiembre, 2020","format":false,"excerpt":"Las reuniones virtuales han aumentado en cantidad y duraci\u00f3n, la gran inc\u00f3gnita es \u00bfc\u00f3mo hacerlas tan y m\u00e1s efectivas que las presenciales? Mejora habilidades y herramientas Una reuni\u00f3n virtual exige, lo que hace rato se debi\u00f3 implementar, crear oportunidades estructuradas para que los asistentes participen plenamente, aumentando los compromisos.\u00a0 Una\u2026","rel":"","context":"En \u00abequipos alto rendimiento\u00bb","block_context":{"text":"equipos alto rendimiento","link":"https:\/\/paulaibanez.cl\/blog\/category\/equipos-alto-rendimiento\/"},"img":{"alt_text":"Mejora tus habilidades para reuniones virtuales","src":"https:\/\/i0.wp.com\/paulaibanez.cl\/blog\/wp-content\/uploads\/2020\/09\/17.jpg?fit=1200%2C960&ssl=1&resize=350%2C200","width":350,"height":200,"srcset":"https:\/\/i0.wp.com\/paulaibanez.cl\/blog\/wp-content\/uploads\/2020\/09\/17.jpg?fit=1200%2C960&ssl=1&resize=350%2C200 1x, https:\/\/i0.wp.com\/paulaibanez.cl\/blog\/wp-content\/uploads\/2020\/09\/17.jpg?fit=1200%2C960&ssl=1&resize=525%2C300 1.5x, https:\/\/i0.wp.com\/paulaibanez.cl\/blog\/wp-content\/uploads\/2020\/09\/17.jpg?fit=1200%2C960&ssl=1&resize=700%2C400 2x, https:\/\/i0.wp.com\/paulaibanez.cl\/blog\/wp-content\/uploads\/2020\/09\/17.jpg?fit=1200%2C960&ssl=1&resize=1050%2C600 3x"},"classes":[]},{"id":433,"url":"https:\/\/paulaibanez.cl\/blog\/confianza-el-arma-secreta-de-los-equipos-exitosos\/","url_meta":{"origin":621,"position":5},"title":"Confianza: el arma secreta de los equipos exitosos","author":"Paula Iba\u00f1ez","date":"11 septiembre, 2020","format":false,"excerpt":"Confianza el arma secreta de equipos exitosos","rel":"","context":"En \u00abcoaching\u00bb","block_context":{"text":"coaching","link":"https:\/\/paulaibanez.cl\/blog\/category\/coaching\/"},"img":{"alt_text":"Confianza el arma secreta de equipos exitosos","src":"https:\/\/i0.wp.com\/paulaibanez.cl\/blog\/wp-content\/uploads\/2020\/09\/13.jpg?fit=1200%2C960&ssl=1&resize=350%2C200","width":350,"height":200,"srcset":"https:\/\/i0.wp.com\/paulaibanez.cl\/blog\/wp-content\/uploads\/2020\/09\/13.jpg?fit=1200%2C960&ssl=1&resize=350%2C200 1x, https:\/\/i0.wp.com\/paulaibanez.cl\/blog\/wp-content\/uploads\/2020\/09\/13.jpg?fit=1200%2C960&ssl=1&resize=525%2C300 1.5x, https:\/\/i0.wp.com\/paulaibanez.cl\/blog\/wp-content\/uploads\/2020\/09\/13.jpg?fit=1200%2C960&ssl=1&resize=700%2C400 2x, https:\/\/i0.wp.com\/paulaibanez.cl\/blog\/wp-content\/uploads\/2020\/09\/13.jpg?fit=1200%2C960&ssl=1&resize=1050%2C600 3x"},"classes":[]}],"jetpack_likes_enabled":true,"_links":{"self":[{"href":"https:\/\/paulaibanez.cl\/blog\/wp-json\/wp\/v2\/posts\/621","targetHints":{"allow":["GET"]}}],"collection":[{"href":"https:\/\/paulaibanez.cl\/blog\/wp-json\/wp\/v2\/posts"}],"about":[{"href":"https:\/\/paulaibanez.cl\/blog\/wp-json\/wp\/v2\/types\/post"}],"author":[{"embeddable":true,"href":"https:\/\/paulaibanez.cl\/blog\/wp-json\/wp\/v2\/users\/2"}],"replies":[{"embeddable":true,"href":"https:\/\/paulaibanez.cl\/blog\/wp-json\/wp\/v2\/comments?post=621"}],"version-history":[{"count":5,"href":"https:\/\/paulaibanez.cl\/blog\/wp-json\/wp\/v2\/posts\/621\/revisions"}],"predecessor-version":[{"id":776,"href":"https:\/\/paulaibanez.cl\/blog\/wp-json\/wp\/v2\/posts\/621\/revisions\/776"}],"wp:featuredmedia":[{"embeddable":true,"href":"https:\/\/paulaibanez.cl\/blog\/wp-json\/wp\/v2\/media\/772"}],"wp:attachment":[{"href":"https:\/\/paulaibanez.cl\/blog\/wp-json\/wp\/v2\/media?parent=621"}],"wp:term":[{"taxonomy":"category","embeddable":true,"href":"https:\/\/paulaibanez.cl\/blog\/wp-json\/wp\/v2\/categories?post=621"},{"taxonomy":"post_tag","embeddable":true,"href":"https:\/\/paulaibanez.cl\/blog\/wp-json\/wp\/v2\/tags?post=621"}],"curies":[{"name":"wp","href":"https:\/\/api.w.org\/{rel}","templated":true}]}}