{"id":976,"date":"2021-01-22T19:05:13","date_gmt":"2021-01-22T22:05:13","guid":{"rendered":"https:\/\/paulaibanez.cl\/blog\/?p=976"},"modified":"2021-01-22T19:05:16","modified_gmt":"2021-01-22T22:05:16","slug":"por-que-nos-mienten-los-colaboradores-y-que-podemos-hacer","status":"publish","type":"post","link":"https:\/\/paulaibanez.cl\/blog\/por-que-nos-mienten-los-colaboradores-y-que-podemos-hacer\/","title":{"rendered":"\u00bfPor qu\u00e9 nos mienten los colaboradores y qu\u00e9 podemos hacer?"},"content":{"rendered":"\n<h2 class=\"has-text-align-center wp-block-heading\"><em>La raz\u00f3n por qu\u00e9 mienten los colaboradores no solo tiene que ver con su historia de vida, sino tambi\u00e9n por algunas acciones que realizas o no como l\u00edder\u00a0<\/em><\/h2>\n\n\n\n<p>La mentira es condenada de diferente maneras seg\u00fan la sociedad en que vives y la organizaci\u00f3n que trabajas.&nbsp;<\/p>\n\n\n\n<p>Seguro te ha pasado alguna vez lo siguiente: \u201cCrees que tuviste una excelente acogida con una persona, invertiste tiempo mand\u00e1ndole informaci\u00f3n que explicaba cada detalle de una propuesta\u201d. Te dice \u201ctodo est\u00e1 perfecto, la comprar\u00e9 en dos d\u00edas m\u00e1s\u201d. Transcurren 3 y nada sabes de tu \u201cseguro comprador\u201d. Te preocupas, piensas que incluso le pudo pasar algo, le escribes un WhatsApp, no te contesta; le env\u00edas un mail, nunca recibes respuesta; cuando lo llamas, no lo encuentras. Pero viste que estaba vivo porque sigue publicando en LinkedIn \u00bfQu\u00e9 fue lo que pas\u00f3?&nbsp;<\/p>\n\n\n\n<p>Por qu\u00e9 las personas no dicen una frase simple \u201cno te voy a comprar, gracias\u201d, pero te cuento que no es tan f\u00e1cil decir la verdad para los clientes y m\u00e1s a\u00fan para los colaboradores sino se ha incentivado un ambiente laboral que no castigue los errores.<\/p>\n\n\n\n<figure class=\"wp-block-pullquote\"><blockquote><p><em>Cuando sentimos que nuestro trabajo est\u00e1 siendo evaluado injustamente, tenemos casi cuatro veces m\u00e1s probabilidades de ser deshonestos. <\/em><\/p><cite>Ron Carucci, 2019<\/cite><\/blockquote><\/figure>\n\n\n\n<h2 class=\"wp-block-heading\">La mentira como mecanismo de defensa<\/h2>\n\n\n\n<div class=\"wp-block-image\"><figure class=\"aligncenter size-fusion-600\"><img loading=\"lazy\" decoding=\"async\" width=\"645\" height=\"506\" data-attachment-id=\"982\" data-permalink=\"https:\/\/paulaibanez.cl\/blog\/por-que-nos-mienten-los-colaboradores-y-que-podemos-hacer\/captura-de-pantalla-2021-01-22-a-las-18-43-08-1\/\" data-orig-file=\"https:\/\/i0.wp.com\/paulaibanez.cl\/blog\/wp-content\/uploads\/2021\/01\/Captura-de-Pantalla-2021-01-22-a-las-18.43.08-1.png?fit=645%2C506&amp;ssl=1\" data-orig-size=\"645,506\" data-comments-opened=\"1\" data-image-meta=\"{&quot;aperture&quot;:&quot;0&quot;,&quot;credit&quot;:&quot;&quot;,&quot;camera&quot;:&quot;&quot;,&quot;caption&quot;:&quot;&quot;,&quot;created_timestamp&quot;:&quot;0&quot;,&quot;copyright&quot;:&quot;&quot;,&quot;focal_length&quot;:&quot;0&quot;,&quot;iso&quot;:&quot;0&quot;,&quot;shutter_speed&quot;:&quot;0&quot;,&quot;title&quot;:&quot;&quot;,&quot;orientation&quot;:&quot;0&quot;}\" data-image-title=\"Captura-de-Pantalla-2021-01-22-a-las-18.43.08-1\" data-image-description=\"\" data-image-caption=\"\" data-large-file=\"https:\/\/i0.wp.com\/paulaibanez.cl\/blog\/wp-content\/uploads\/2021\/01\/Captura-de-Pantalla-2021-01-22-a-las-18.43.08-1.png?fit=645%2C506&amp;ssl=1\" src=\"https:\/\/i2.wp.com\/paulaibanez.cl\/blog\/wp-content\/uploads\/2021\/01\/Captura-de-Pantalla-2021-01-22-a-las-18.43.08-1.png?fit=600%2C471&amp;ssl=1\" data-orig-src=\"https:\/\/i2.wp.com\/paulaibanez.cl\/blog\/wp-content\/uploads\/2021\/01\/Captura-de-Pantalla-2021-01-22-a-las-18.43.08-1.png?fit=600%2C471&amp;ssl=1\" alt=\"\" class=\"lazyload wp-image-982\" srcset=\"data:image\/svg+xml,%3Csvg%20xmlns%3D%27http%3A%2F%2Fwww.w3.org%2F2000%2Fsvg%27%20width%3D%27645%27%20height%3D%27506%27%20viewBox%3D%270%200%20645%20506%27%3E%3Crect%20width%3D%27645%27%20height%3D%273506%27%20fill-opacity%3D%220%22%2F%3E%3C%2Fsvg%3E\" data-srcset=\"https:\/\/i0.wp.com\/paulaibanez.cl\/blog\/wp-content\/uploads\/2021\/01\/Captura-de-Pantalla-2021-01-22-a-las-18.43.08-1.png?resize=200%2C157&amp;ssl=1 200w, https:\/\/i0.wp.com\/paulaibanez.cl\/blog\/wp-content\/uploads\/2021\/01\/Captura-de-Pantalla-2021-01-22-a-las-18.43.08-1.png?resize=300%2C235&amp;ssl=1 300w, https:\/\/i0.wp.com\/paulaibanez.cl\/blog\/wp-content\/uploads\/2021\/01\/Captura-de-Pantalla-2021-01-22-a-las-18.43.08-1.png?resize=400%2C314&amp;ssl=1 400w, https:\/\/i0.wp.com\/paulaibanez.cl\/blog\/wp-content\/uploads\/2021\/01\/Captura-de-Pantalla-2021-01-22-a-las-18.43.08-1.png?resize=600%2C471&amp;ssl=1 600w, https:\/\/i0.wp.com\/paulaibanez.cl\/blog\/wp-content\/uploads\/2021\/01\/Captura-de-Pantalla-2021-01-22-a-las-18.43.08-1.png?fit=645%2C506&amp;ssl=1 645w\" data-sizes=\"auto\" data-orig-sizes=\"auto, (max-width: 645px) 100vw, 645px\" \/><\/figure><\/div>\n\n\n\n<p>La mentira cumple una funci\u00f3n adaptativa, se usa para defenderse de una situaci\u00f3n negativa, evitar un castigo, aprovechar una oportunidad, por necesidad de agradar, para encajar, tapar deficiencias o salir de situaciones inc\u00f3modas, las causas pueden ser diversas.<\/p>\n\n\n\n<p>Por ejemplo: \u201cEl cerebro guarda mucha informaci\u00f3n, que a veces cuando se requiere una respuesta r\u00e1pida, para evitar sufrir por no acordarse o de la desaprobaci\u00f3n del entorno, se miente\u201d.<\/p>\n\n\n\n<p>\u201cSe dicen una a dos mentiras cada d\u00eda\u201d afirma el Dr. Labath, \u201cLa&nbsp;explicaci\u00f3n radica posiblemente en las&nbsp;<em>neuronas espejo&nbsp;<\/em>que se comunican con \u00e1reas del sistema l\u00edmbico, a trav\u00e9s de la \u00ednsula, buscando imitar lo vivido, interpretar estos hechos y opinar de acuerdo con este razonamiento, no necesariamente acorde al criterio que consideramos el m\u00e1s veraz\u201d.<\/p>\n\n\n\n<p>Los narcisistas, los que tienen altos rasgos de psicopat\u00eda, los deshonestos, los ego\u00edstas, los inseguros y las personas con alto nivel de ansiedad se encuentran dentro de las que m\u00e1s mienten. Espero que tus colaboradores o miembros de tu equipo no est\u00e9n mayoritariamente en este grupo.\u00a0Estar al tanto de la neurobiolog\u00eda de la mentira, tratar de identificar cu\u00e1l raz\u00f3n pudo llevar a un colaborador a no decir la verdad y usar la empat\u00eda para comprender su posible\u00a0<strong><a href=\"https:\/\/paulaibanez.cl\/blog\/las-emociones-se-contagian-y-se-gestionan\/\" data-type=\"URL\" data-id=\"https:\/\/paulaibanez.cl\/blog\/las-emociones-se-contagian-y-se-gestionan\/\" target=\"_blank\" rel=\"noreferrer noopener\">estado emocional<\/a><\/strong>, te puede ayudar comprender m\u00e1s por qu\u00e9 la gente dice una cosa pero hace otra y crear estrategias para enfrentarlo<\/p>\n\n\n\n<h2 class=\"wp-block-heading\">La neurociencia detr\u00e1s de la mentira<\/h2>\n\n\n\n<div class=\"wp-block-image\"><figure class=\"aligncenter size-fusion-600\"><img loading=\"lazy\" decoding=\"async\" width=\"646\" height=\"516\" data-attachment-id=\"978\" data-permalink=\"https:\/\/paulaibanez.cl\/blog\/por-que-nos-mienten-los-colaboradores-y-que-podemos-hacer\/captura-de-pantalla-2021-01-22-a-las-18-45-00\/\" data-orig-file=\"https:\/\/i0.wp.com\/paulaibanez.cl\/blog\/wp-content\/uploads\/2021\/01\/Captura-de-Pantalla-2021-01-22-a-las-18.45.00.png?fit=646%2C516&amp;ssl=1\" data-orig-size=\"646,516\" data-comments-opened=\"1\" data-image-meta=\"{&quot;aperture&quot;:&quot;0&quot;,&quot;credit&quot;:&quot;&quot;,&quot;camera&quot;:&quot;&quot;,&quot;caption&quot;:&quot;&quot;,&quot;created_timestamp&quot;:&quot;0&quot;,&quot;copyright&quot;:&quot;&quot;,&quot;focal_length&quot;:&quot;0&quot;,&quot;iso&quot;:&quot;0&quot;,&quot;shutter_speed&quot;:&quot;0&quot;,&quot;title&quot;:&quot;&quot;,&quot;orientation&quot;:&quot;0&quot;}\" data-image-title=\"Captura-de-Pantalla-2021-01-22-a-las-18.45.00\" data-image-description=\"\" data-image-caption=\"\" data-large-file=\"https:\/\/i0.wp.com\/paulaibanez.cl\/blog\/wp-content\/uploads\/2021\/01\/Captura-de-Pantalla-2021-01-22-a-las-18.45.00.png?fit=646%2C516&amp;ssl=1\" src=\"https:\/\/i1.wp.com\/paulaibanez.cl\/blog\/wp-content\/uploads\/2021\/01\/Captura-de-Pantalla-2021-01-22-a-las-18.45.00.png?fit=600%2C479&amp;ssl=1\" data-orig-src=\"https:\/\/i1.wp.com\/paulaibanez.cl\/blog\/wp-content\/uploads\/2021\/01\/Captura-de-Pantalla-2021-01-22-a-las-18.45.00.png?fit=600%2C479&amp;ssl=1\" alt=\"\" class=\"lazyload wp-image-978\" srcset=\"data:image\/svg+xml,%3Csvg%20xmlns%3D%27http%3A%2F%2Fwww.w3.org%2F2000%2Fsvg%27%20width%3D%27646%27%20height%3D%27516%27%20viewBox%3D%270%200%20646%20516%27%3E%3Crect%20width%3D%27646%27%20height%3D%273516%27%20fill-opacity%3D%220%22%2F%3E%3C%2Fsvg%3E\" data-srcset=\"https:\/\/i0.wp.com\/paulaibanez.cl\/blog\/wp-content\/uploads\/2021\/01\/Captura-de-Pantalla-2021-01-22-a-las-18.45.00.png?resize=200%2C160&amp;ssl=1 200w, https:\/\/i0.wp.com\/paulaibanez.cl\/blog\/wp-content\/uploads\/2021\/01\/Captura-de-Pantalla-2021-01-22-a-las-18.45.00.png?resize=300%2C240&amp;ssl=1 300w, https:\/\/i0.wp.com\/paulaibanez.cl\/blog\/wp-content\/uploads\/2021\/01\/Captura-de-Pantalla-2021-01-22-a-las-18.45.00.png?resize=400%2C320&amp;ssl=1 400w, https:\/\/i0.wp.com\/paulaibanez.cl\/blog\/wp-content\/uploads\/2021\/01\/Captura-de-Pantalla-2021-01-22-a-las-18.45.00.png?resize=600%2C479&amp;ssl=1 600w, https:\/\/i0.wp.com\/paulaibanez.cl\/blog\/wp-content\/uploads\/2021\/01\/Captura-de-Pantalla-2021-01-22-a-las-18.45.00.png?fit=646%2C516&amp;ssl=1 646w\" data-sizes=\"auto\" data-orig-sizes=\"auto, (max-width: 646px) 100vw, 646px\" \/><\/figure><\/div>\n\n\n\n<p>El \u00e1rea encargada de mentir en el cerebro es la neocorteza, la parte m\u00e1s desarrollada, la que comanda el razonar.&nbsp;<\/p>\n\n\n\n<p>Cuando las personas mienten hay una mayor actividad en los l\u00f3bulos frontales y temporal, pero tambi\u00e9n en el sistema l\u00edmbico, \u201cgerente de las emociones\u201d.&nbsp;<\/p>\n\n\n\n<p>A lo anterior, se suma la activaci\u00f3n de la zona de la corteza \u00f3rbito-frontal, que tiene el car\u00e1cter inhibitorio. Se est\u00e1 evitando decir la verdad, se activan m\u00e1s zonas al falsear la realidad que al ser honestos.<\/p>\n\n\n\n<p>Fisiol\u00f3gicamente se exterioriza por una acentuaci\u00f3n de la presi\u00f3n arterial, de los latidos por minuto, de la frecuencia respiratoria y puede sudar la piel. Hay un aumento de las ondas cerebrales, se traduce como un est\u00edmulo para realizar m\u00e1s conexiones neuronales, hay mayor flujo sangu\u00edneo y ox\u00edgeno en la sangre.&nbsp;<\/p>\n\n\n\n<p>Mentir es una actividad que activa muchas zonas de tu cerebro y cuerpo.<\/p>\n\n\n\n<h2 class=\"wp-block-heading\">\u00bfQu\u00e9 regula la cantidad de mentiras que se dicen diariamente?\u00a0<\/h2>\n\n\n\n<div class=\"wp-block-image\"><figure class=\"aligncenter size-fusion-600\"><img loading=\"lazy\" decoding=\"async\" width=\"642\" height=\"492\" data-attachment-id=\"979\" data-permalink=\"https:\/\/paulaibanez.cl\/blog\/por-que-nos-mienten-los-colaboradores-y-que-podemos-hacer\/captura-de-pantalla-2021-01-22-a-las-18-44-00\/\" data-orig-file=\"https:\/\/i0.wp.com\/paulaibanez.cl\/blog\/wp-content\/uploads\/2021\/01\/Captura-de-Pantalla-2021-01-22-a-las-18.44.00.png?fit=642%2C492&amp;ssl=1\" data-orig-size=\"642,492\" data-comments-opened=\"1\" data-image-meta=\"{&quot;aperture&quot;:&quot;0&quot;,&quot;credit&quot;:&quot;&quot;,&quot;camera&quot;:&quot;&quot;,&quot;caption&quot;:&quot;&quot;,&quot;created_timestamp&quot;:&quot;0&quot;,&quot;copyright&quot;:&quot;&quot;,&quot;focal_length&quot;:&quot;0&quot;,&quot;iso&quot;:&quot;0&quot;,&quot;shutter_speed&quot;:&quot;0&quot;,&quot;title&quot;:&quot;&quot;,&quot;orientation&quot;:&quot;0&quot;}\" data-image-title=\"Captura-de-Pantalla-2021-01-22-a-las-18.44.00\" data-image-description=\"\" data-image-caption=\"\" data-large-file=\"https:\/\/i0.wp.com\/paulaibanez.cl\/blog\/wp-content\/uploads\/2021\/01\/Captura-de-Pantalla-2021-01-22-a-las-18.44.00.png?fit=642%2C492&amp;ssl=1\" src=\"https:\/\/i1.wp.com\/paulaibanez.cl\/blog\/wp-content\/uploads\/2021\/01\/Captura-de-Pantalla-2021-01-22-a-las-18.44.00.png?fit=600%2C460&amp;ssl=1\" data-orig-src=\"https:\/\/i1.wp.com\/paulaibanez.cl\/blog\/wp-content\/uploads\/2021\/01\/Captura-de-Pantalla-2021-01-22-a-las-18.44.00.png?fit=600%2C460&amp;ssl=1\" alt=\"\" class=\"lazyload wp-image-979\" srcset=\"data:image\/svg+xml,%3Csvg%20xmlns%3D%27http%3A%2F%2Fwww.w3.org%2F2000%2Fsvg%27%20width%3D%27642%27%20height%3D%27492%27%20viewBox%3D%270%200%20642%20492%27%3E%3Crect%20width%3D%27642%27%20height%3D%273492%27%20fill-opacity%3D%220%22%2F%3E%3C%2Fsvg%3E\" data-srcset=\"https:\/\/i0.wp.com\/paulaibanez.cl\/blog\/wp-content\/uploads\/2021\/01\/Captura-de-Pantalla-2021-01-22-a-las-18.44.00.png?resize=200%2C153&amp;ssl=1 200w, https:\/\/i0.wp.com\/paulaibanez.cl\/blog\/wp-content\/uploads\/2021\/01\/Captura-de-Pantalla-2021-01-22-a-las-18.44.00.png?resize=300%2C230&amp;ssl=1 300w, https:\/\/i0.wp.com\/paulaibanez.cl\/blog\/wp-content\/uploads\/2021\/01\/Captura-de-Pantalla-2021-01-22-a-las-18.44.00.png?resize=400%2C307&amp;ssl=1 400w, https:\/\/i0.wp.com\/paulaibanez.cl\/blog\/wp-content\/uploads\/2021\/01\/Captura-de-Pantalla-2021-01-22-a-las-18.44.00.png?resize=600%2C460&amp;ssl=1 600w, https:\/\/i0.wp.com\/paulaibanez.cl\/blog\/wp-content\/uploads\/2021\/01\/Captura-de-Pantalla-2021-01-22-a-las-18.44.00.png?fit=642%2C492&amp;ssl=1 642w\" data-sizes=\"auto\" data-orig-sizes=\"auto, (max-width: 642px) 100vw, 642px\" \/><\/figure><\/div>\n\n\n\n<p>La am\u00edgdala, ubicada en el cerebro l\u00edmbico, tiene que ver con la regulaci\u00f3n. Con las primeras mentiras esta estructura, restringe el grado, pero esta respuesta se reduce en la medida que se contin\u00faa mintiendo, as\u00ed crecen los enga\u00f1os.&nbsp;<\/p>\n\n\n\n<p>Seguramente alguna vez te paso que te cost\u00f3 mentir al principio y, si no te pon\u00edas freno, no te dabas ni cuenta c\u00f3mo estabas en un espiral de ilusiones y autoenga\u00f1o. Quiz\u00e1s agrandando \u00e9xitos en tu hoja de vida o perfil de linkedln o contestando propuestas exageradas o comprometi\u00e9ndote a plazos que desde un principio sab\u00edas que no cumplir\u00edas.<\/p>\n\n\n\n<p>Qui\u00e9n miente sufre de una tensi\u00f3n contin\u00faa, por el miedo a perder la imagen falsa que ha creado.&nbsp;<\/p>\n\n\n\n<p>Adem\u00e1s, tiene una carga cognitiva extra, lo que se traduce como un cansancio por el&nbsp;desgaste de energ\u00eda, ya que es necesario contar con una buena retentiva para no contradecirse.&nbsp;<\/p>\n\n\n\n<p>Todo conduce a ocupar la memoria de trabajo, activaci\u00f3n de la zona frontal, que es limitada en su uso y se deja poco espacio para pensar, razonar y crear estrategias futuras en otras \u00e1reas. Las habilidades que m\u00e1s necesarias para hacer frente a un <a href=\"https:\/\/paulaibanez.cl\/blog\/logra-grandes-metas-con-pequenos-pasos-en-ambientes-bani\/\" data-type=\"URL\" data-id=\"https:\/\/paulaibanez.cl\/blog\/logra-grandes-metas-con-pequenos-pasos-en-ambientes-bani\/\" target=\"_blank\" rel=\"noreferrer noopener\">mundo BANI.<\/a><\/p>\n\n\n\n<h2 class=\"wp-block-heading\">No pierdas talentos por mentiras<\/h2>\n\n\n\n<p>Recuerda que detr\u00e1s de una mentira puede haber necesidades insatisfechas o negar un error para evitar una reprimenda. Probablemente tiene que ver con la vida que ha transitado un colaborar y las experiencias que ha tenido.&nbsp;<\/p>\n\n\n\n<p>Para que se disminuyan las mentiras en tu <a href=\"https:\/\/paulaibanez.cl\/blog\/confianza-el-arma-secreta-de-los-equipos-exitosos\/\" data-type=\"URL\" data-id=\"https:\/\/paulaibanez.cl\/blog\/confianza-el-arma-secreta-de-los-equipos-exitosos\/\" target=\"_blank\" rel=\"noreferrer noopener\">equipo<\/a> es necesario que realices acciones para no perder talentos porque no conf\u00edas en ellos.<\/p>\n\n\n\n<p>Lo primero es identificar que parte es tu responsabilidad sobre lo que est\u00e1 sucediendo, que es la cual puedes intervenir. Realiza este peque\u00f1o ejercicio de auto reflexi\u00f3n y evaluaci\u00f3n<\/p>\n\n\n\n<h2 class=\"wp-block-heading\">Ejercicio auto reflexi\u00f3n<\/h2>\n\n\n\n<div class=\"wp-block-image\"><figure class=\"aligncenter size-fusion-600\"><img loading=\"lazy\" decoding=\"async\" width=\"645\" height=\"516\" data-attachment-id=\"981\" data-permalink=\"https:\/\/paulaibanez.cl\/blog\/por-que-nos-mienten-los-colaboradores-y-que-podemos-hacer\/captura-de-pantalla-2021-01-22-a-las-18-48-31\/\" data-orig-file=\"https:\/\/i0.wp.com\/paulaibanez.cl\/blog\/wp-content\/uploads\/2021\/01\/Captura-de-Pantalla-2021-01-22-a-las-18.48.31.png?fit=645%2C516&amp;ssl=1\" data-orig-size=\"645,516\" data-comments-opened=\"1\" data-image-meta=\"{&quot;aperture&quot;:&quot;0&quot;,&quot;credit&quot;:&quot;&quot;,&quot;camera&quot;:&quot;&quot;,&quot;caption&quot;:&quot;&quot;,&quot;created_timestamp&quot;:&quot;0&quot;,&quot;copyright&quot;:&quot;&quot;,&quot;focal_length&quot;:&quot;0&quot;,&quot;iso&quot;:&quot;0&quot;,&quot;shutter_speed&quot;:&quot;0&quot;,&quot;title&quot;:&quot;&quot;,&quot;orientation&quot;:&quot;0&quot;}\" data-image-title=\"Captura-de-Pantalla-2021-01-22-a-las-18.48.31\" data-image-description=\"\" data-image-caption=\"\" data-large-file=\"https:\/\/i0.wp.com\/paulaibanez.cl\/blog\/wp-content\/uploads\/2021\/01\/Captura-de-Pantalla-2021-01-22-a-las-18.48.31.png?fit=645%2C516&amp;ssl=1\" src=\"https:\/\/i0.wp.com\/paulaibanez.cl\/blog\/wp-content\/uploads\/2021\/01\/Captura-de-Pantalla-2021-01-22-a-las-18.48.31.png?fit=600%2C480&amp;ssl=1\" data-orig-src=\"https:\/\/i0.wp.com\/paulaibanez.cl\/blog\/wp-content\/uploads\/2021\/01\/Captura-de-Pantalla-2021-01-22-a-las-18.48.31.png?fit=600%2C480&amp;ssl=1\" alt=\"\" class=\"lazyload wp-image-981\" srcset=\"data:image\/svg+xml,%3Csvg%20xmlns%3D%27http%3A%2F%2Fwww.w3.org%2F2000%2Fsvg%27%20width%3D%27645%27%20height%3D%27516%27%20viewBox%3D%270%200%20645%20516%27%3E%3Crect%20width%3D%27645%27%20height%3D%273516%27%20fill-opacity%3D%220%22%2F%3E%3C%2Fsvg%3E\" data-srcset=\"https:\/\/i0.wp.com\/paulaibanez.cl\/blog\/wp-content\/uploads\/2021\/01\/Captura-de-Pantalla-2021-01-22-a-las-18.48.31.png?resize=200%2C160&amp;ssl=1 200w, https:\/\/i0.wp.com\/paulaibanez.cl\/blog\/wp-content\/uploads\/2021\/01\/Captura-de-Pantalla-2021-01-22-a-las-18.48.31.png?resize=300%2C240&amp;ssl=1 300w, https:\/\/i0.wp.com\/paulaibanez.cl\/blog\/wp-content\/uploads\/2021\/01\/Captura-de-Pantalla-2021-01-22-a-las-18.48.31.png?resize=400%2C320&amp;ssl=1 400w, https:\/\/i0.wp.com\/paulaibanez.cl\/blog\/wp-content\/uploads\/2021\/01\/Captura-de-Pantalla-2021-01-22-a-las-18.48.31.png?resize=600%2C480&amp;ssl=1 600w, https:\/\/i0.wp.com\/paulaibanez.cl\/blog\/wp-content\/uploads\/2021\/01\/Captura-de-Pantalla-2021-01-22-a-las-18.48.31.png?fit=645%2C516&amp;ssl=1 645w\" data-sizes=\"auto\" data-orig-sizes=\"auto, (max-width: 645px) 100vw, 645px\" \/><\/figure><\/div>\n\n\n\n<p>De 1 a 10 contesta lo mas honestamente posible las siguientes preguntas, nadie te mira y aprovecha la oportunidad para crecer como\u00a0<strong><a href=\"https:\/\/paulaibanez.cl\/blog\/como-entender-el-liderazgo-3d-y-su-flexibilidad-de-gestion\/\" data-type=\"URL\" data-id=\"https:\/\/paulaibanez.cl\/blog\/como-entender-el-liderazgo-3d-y-su-flexibilidad-de-gestion\/\" target=\"_blank\" rel=\"noreferrer noopener\">l\u00edder<\/a><\/strong>.<\/p>\n\n\n\n<p>1 es una nota de no logrado y 10 de logrado o bien realizado, los n\u00fameros entre medio dan los matices de tu respuesta<\/p>\n\n\n\n<p>-\u00bfHas creado un ambiente de confianza donde permites a los colaboradores decir lo que piensan?<\/p>\n\n\n\n<p>-\u00bfPermites que tus colaboradores te contradigan?<\/p>\n\n\n\n<p>-\u00bfCuando tus colaboradores se equivocan reaccionas de una forma emp\u00e1tica y sin castigos?<\/p>\n\n\n\n<p>&#8211; \u00bfTu mism@ practicas la honestidad con tu equipo?<\/p>\n\n\n\n<p>&#8211; \u00bfTrabajas en implementar seguridad psicol\u00f3gica en tu equipo?<\/p>\n\n\n\n<p>Ahora mira la pregunta que tiene menor puntaje y crea una estrategia pasa a paso para aumentar la honestidad a tu equipo<\/p>\n\n\n\n<h2 class=\"wp-block-heading\">Estrategias para disminuir mentiras en tu equipo<\/h2>\n\n\n\n<ol class=\"wp-block-list\" type=\"1\"><li>Realizar un diagn\u00f3stico con tu equipo por medio de una encuesta an\u00f3nima donde puedas medir el nivel de seguridad psicol\u00f3gica que estas fomentado.<\/li><li>Instaura reuniones donde muestres tus errores cuando sucedan<\/li><li>No sobre reacciones cuando alg\u00fan miembro cometa un error<\/li><li>Capacitas constantemente a tus colaboradores para que tengan las habilidades necesarias para realizar sus tareas<\/li><li>Fomenta las <a href=\"https:\/\/paulaibanez.cl\/blog\/las-conversaciones-y-la-neuroquimica-en-tu-cerebro\/\" data-type=\"URL\" data-id=\"https:\/\/paulaibanez.cl\/blog\/las-conversaciones-y-la-neuroquimica-en-tu-cerebro\/\" target=\"_blank\" rel=\"noreferrer noopener\">conversaciones<\/a> que estimulen la <a href=\"https:\/\/paulaibanez.cl\/blog\/11-cosas-que-un-lider-debe-saber-sobre-la-confianza\/\" data-type=\"URL\" data-id=\"https:\/\/paulaibanez.cl\/blog\/11-cosas-que-un-lider-debe-saber-sobre-la-confianza\/\" target=\"_blank\" rel=\"noreferrer noopener\">confianza<\/a><\/li><\/ol>\n\n\n\n<p>Recuerda no va a pasar de un d\u00eda de un d\u00eda para otro que tus colaboradores paren de mentir,\u00a0<strong><a href=\"https:\/\/paulaibanez.cl\/blog\/por-que-cuesta-tanto-cambiar-consejos-para-lograrlo\/\" data-type=\"URL\" data-id=\"https:\/\/paulaibanez.cl\/blog\/por-que-cuesta-tanto-cambiar-consejos-para-lograrlo\/\" target=\"_blank\" rel=\"noreferrer noopener\">cambiar toma tiempo<\/a><\/strong>. Pero, en la medida que aumente la seguridad psicol\u00f3gica y las personas no tengan miedo, todo ir\u00e1 mejorando.<\/p>\n\n\n\n<p>Como siempre te invito a comentar y compartir a m\u00e1s personas este blog, para que puedan enfrentar en su trabajo, de mejor forma un mundo cambiante y desafiantes como el que vivimos.&nbsp;<\/p>\n\n\n\n<p>Y sino te has suscrito recuerda que todas las semanas publico un art\u00edculo sobre neurociencia y coaching que te permitir\u00e1 seguir avanzando en tu carrera como l\u00edder. No te pierdas ning\u00fan art\u00edculo<\/p>\n\n\n\n<p>Gracias<\/p>\n\n\n\n<p>Paula<\/p>\n","protected":false},"excerpt":{"rendered":"<p>La raz\u00f3n por qu\u00e9 mienten los colaboradores no solo tiene que ver con su historia de vida, sino tambi\u00e9n por algunas acciones que realizas o no como l\u00edder\u00a0 La mentira es condenada de diferente maneras seg\u00fan la sociedad en que vives y la organizaci\u00f3n que trabajas.&nbsp; Seguro te ha pasado alguna vez lo siguiente: \u201cCrees que tuviste una excelente acogida con [&hellip;]<\/p>\n","protected":false},"author":2,"featured_media":977,"comment_status":"open","ping_status":"open","sticky":false,"template":"","format":"standard","meta":{"jetpack_post_was_ever_published":false,"_jetpack_newsletter_access":"","_jetpack_dont_email_post_to_subs":true,"_jetpack_newsletter_tier_id":0,"_jetpack_memberships_contains_paywalled_content":false,"_jetpack_memberships_contains_paid_content":false,"footnotes":"","jetpack_publicize_message":"","jetpack_publicize_feature_enabled":true,"jetpack_social_post_already_shared":true,"jetpack_social_options":{"image_generator_settings":{"template":"highway","default_image_id":0,"font":"","enabled":false},"version":2}},"categories":[259,262,261],"tags":[360,356,355],"class_list":["post-976","post","type-post","status-publish","format-standard","has-post-thumbnail","hentry","category-coaching","category-equipos-alto-rendimiento","category-liderazgo","tag-colaboradores-que-mienten","tag-como-evitar-que-nos-mientan","tag-mentira"],"aioseo_notices":[],"jetpack_publicize_connections":[],"jetpack_featured_media_url":"https:\/\/i0.wp.com\/paulaibanez.cl\/blog\/wp-content\/uploads\/2021\/01\/Captura-de-Pantalla-2021-01-22-a-las-18.44.27.png?fit=645%2C511&ssl=1","jetpack_sharing_enabled":true,"jetpack_shortlink":"https:\/\/wp.me\/p6aqPL-fK","jetpack-related-posts":[{"id":433,"url":"https:\/\/paulaibanez.cl\/blog\/confianza-el-arma-secreta-de-los-equipos-exitosos\/","url_meta":{"origin":976,"position":0},"title":"Confianza: el arma secreta de los equipos exitosos","author":"Paula Iba\u00f1ez","date":"11 septiembre, 2020","format":false,"excerpt":"Confianza el arma secreta de equipos exitosos","rel":"","context":"En \u00abcoaching\u00bb","block_context":{"text":"coaching","link":"https:\/\/paulaibanez.cl\/blog\/category\/coaching\/"},"img":{"alt_text":"Confianza el arma secreta de equipos exitosos","src":"https:\/\/i0.wp.com\/paulaibanez.cl\/blog\/wp-content\/uploads\/2020\/09\/13.jpg?fit=1200%2C960&ssl=1&resize=350%2C200","width":350,"height":200,"srcset":"https:\/\/i0.wp.com\/paulaibanez.cl\/blog\/wp-content\/uploads\/2020\/09\/13.jpg?fit=1200%2C960&ssl=1&resize=350%2C200 1x, https:\/\/i0.wp.com\/paulaibanez.cl\/blog\/wp-content\/uploads\/2020\/09\/13.jpg?fit=1200%2C960&ssl=1&resize=525%2C300 1.5x, https:\/\/i0.wp.com\/paulaibanez.cl\/blog\/wp-content\/uploads\/2020\/09\/13.jpg?fit=1200%2C960&ssl=1&resize=700%2C400 2x, https:\/\/i0.wp.com\/paulaibanez.cl\/blog\/wp-content\/uploads\/2020\/09\/13.jpg?fit=1200%2C960&ssl=1&resize=1050%2C600 3x"},"classes":[]},{"id":711,"url":"https:\/\/paulaibanez.cl\/blog\/como-entregar-feedback-efectivo-en-7-pasos\/","url_meta":{"origin":976,"position":1},"title":"Como entregar Feedback efectivo en 7 pasos","author":"Paula Iba\u00f1ez","date":"13 noviembre, 2020","format":false,"excerpt":"El feedback o retroalimentaci\u00f3n en la comunicaci\u00f3n puede sentirse amenazante, en 7 pasos puedes convertirla en una experiencia enriquecedora. Ser capaz de ofrecer feedback\u00a0\u00a0por medio de comentarios constructivos, es fundamental para apoyar a mejorar el desempe\u00f1o de los colaboradores. La retroalimentaci\u00f3n en el momento preciso puede guiar, motivar y reforzar\u2026","rel":"","context":"En \u00abcoaching\u00bb","block_context":{"text":"coaching","link":"https:\/\/paulaibanez.cl\/blog\/category\/coaching\/"},"img":{"alt_text":"Feedback efectivo en 7 pasos","src":"https:\/\/i0.wp.com\/paulaibanez.cl\/blog\/wp-content\/uploads\/2020\/11\/Captura-de-Pantalla-2020-11-13-a-las-09.13.24.png?fit=707%2C561&ssl=1&resize=350%2C200","width":350,"height":200,"srcset":"https:\/\/i0.wp.com\/paulaibanez.cl\/blog\/wp-content\/uploads\/2020\/11\/Captura-de-Pantalla-2020-11-13-a-las-09.13.24.png?fit=707%2C561&ssl=1&resize=350%2C200 1x, https:\/\/i0.wp.com\/paulaibanez.cl\/blog\/wp-content\/uploads\/2020\/11\/Captura-de-Pantalla-2020-11-13-a-las-09.13.24.png?fit=707%2C561&ssl=1&resize=525%2C300 1.5x, https:\/\/i0.wp.com\/paulaibanez.cl\/blog\/wp-content\/uploads\/2020\/11\/Captura-de-Pantalla-2020-11-13-a-las-09.13.24.png?fit=707%2C561&ssl=1&resize=700%2C400 2x"},"classes":[]},{"id":1066,"url":"https:\/\/paulaibanez.cl\/blog\/como-un-lider-logra-que-su-equipo-se-desarrolle\/","url_meta":{"origin":976,"position":2},"title":"\u00bfComo un l\u00edder logra que su equipo se desarrolle?","author":"Paula Iba\u00f1ez","date":"26 febrero, 2021","format":false,"excerpt":"Un l\u00edder que conoce c\u00f3mo funciona el cerebro, de neuroeducaci\u00f3n y el ambiente necesario para que su equipo se desarrolle logra llegar a un nivel superior en los resultados y con menor esfuerzo. Para que un equipo crezca y se desarrolle es necesario que el l\u00edder haya desarrollado algunas habilidades\u2026","rel":"","context":"En \u00abequipos alto rendimiento\u00bb","block_context":{"text":"equipos alto rendimiento","link":"https:\/\/paulaibanez.cl\/blog\/category\/equipos-alto-rendimiento\/"},"img":{"alt_text":"\u00bfComo un l\u00edder logra que su equipo se desarrolle?","src":"https:\/\/i0.wp.com\/paulaibanez.cl\/blog\/wp-content\/uploads\/2021\/02\/Diseno-sin-titulo-7.jpg?fit=1200%2C960&ssl=1&resize=350%2C200","width":350,"height":200,"srcset":"https:\/\/i0.wp.com\/paulaibanez.cl\/blog\/wp-content\/uploads\/2021\/02\/Diseno-sin-titulo-7.jpg?fit=1200%2C960&ssl=1&resize=350%2C200 1x, https:\/\/i0.wp.com\/paulaibanez.cl\/blog\/wp-content\/uploads\/2021\/02\/Diseno-sin-titulo-7.jpg?fit=1200%2C960&ssl=1&resize=525%2C300 1.5x, https:\/\/i0.wp.com\/paulaibanez.cl\/blog\/wp-content\/uploads\/2021\/02\/Diseno-sin-titulo-7.jpg?fit=1200%2C960&ssl=1&resize=700%2C400 2x, https:\/\/i0.wp.com\/paulaibanez.cl\/blog\/wp-content\/uploads\/2021\/02\/Diseno-sin-titulo-7.jpg?fit=1200%2C960&ssl=1&resize=1050%2C600 3x"},"classes":[]},{"id":277,"url":"https:\/\/paulaibanez.cl\/blog\/donde-esta-tu-pasion-laboral-lo-que-nadie-te-cuenta\/","url_meta":{"origin":976,"position":3},"title":"\u00bfD\u00f3nde est\u00e1 tu pasi\u00f3n laboral? lo que nadie te cuenta","author":"Paula Iba\u00f1ez","date":"6 marzo, 2016","format":false,"excerpt":"Hay una corriente en perseguir la pasi\u00f3n laboral, pero nadie te cuenta que las pasiones pueden ser ef\u00edmeras y que no siempre se puede por diversas razones. Gettysburg college public\u00f3 que\u00a0las personas usan 90.000 horas en el trabajo\u00a0a lo largo de su vida. A menudo se dice que hagamos un\u2026","rel":"","context":"En \u00abcoaching\u00bb","block_context":{"text":"coaching","link":"https:\/\/paulaibanez.cl\/blog\/category\/coaching\/"},"img":{"alt_text":"Donde est\u00e1 tu pasi\u00f3n laboral","src":"https:\/\/i0.wp.com\/paulaibanez.cl\/blog\/wp-content\/uploads\/2016\/03\/1.jpg?fit=1200%2C960&ssl=1&resize=350%2C200","width":350,"height":200,"srcset":"https:\/\/i0.wp.com\/paulaibanez.cl\/blog\/wp-content\/uploads\/2016\/03\/1.jpg?fit=1200%2C960&ssl=1&resize=350%2C200 1x, https:\/\/i0.wp.com\/paulaibanez.cl\/blog\/wp-content\/uploads\/2016\/03\/1.jpg?fit=1200%2C960&ssl=1&resize=525%2C300 1.5x, https:\/\/i0.wp.com\/paulaibanez.cl\/blog\/wp-content\/uploads\/2016\/03\/1.jpg?fit=1200%2C960&ssl=1&resize=700%2C400 2x, https:\/\/i0.wp.com\/paulaibanez.cl\/blog\/wp-content\/uploads\/2016\/03\/1.jpg?fit=1200%2C960&ssl=1&resize=1050%2C600 3x"},"classes":[]},{"id":1013,"url":"https:\/\/paulaibanez.cl\/blog\/descubre-si-estas-haciendo-micromanagement\/","url_meta":{"origin":976,"position":4},"title":"Descubre si est\u00e1s haciendo micromanagement","author":"Paula Iba\u00f1ez","date":"12 febrero, 2021","format":false,"excerpt":"El micromanagement de un l\u00edder puede ser frustrante y desmotivador para los integrantes de su equipo, descubre si lo haces y c\u00f3mo aplicar otras estrategias Los l\u00edderes que realizan microgesti\u00f3n consideran que est\u00e1n aplicando las mejores practicas que su equipo necesita para lograr los\u00a0objetivos propuestos. Observando los detalles con intensidad\u2026","rel":"","context":"En \u00abcoaching\u00bb","block_context":{"text":"coaching","link":"https:\/\/paulaibanez.cl\/blog\/category\/coaching\/"},"img":{"alt_text":"Realizas micromanagement","src":"https:\/\/i0.wp.com\/paulaibanez.cl\/blog\/wp-content\/uploads\/2021\/02\/Diseno-sin-titulo-4.jpg?fit=1200%2C960&ssl=1&resize=350%2C200","width":350,"height":200,"srcset":"https:\/\/i0.wp.com\/paulaibanez.cl\/blog\/wp-content\/uploads\/2021\/02\/Diseno-sin-titulo-4.jpg?fit=1200%2C960&ssl=1&resize=350%2C200 1x, https:\/\/i0.wp.com\/paulaibanez.cl\/blog\/wp-content\/uploads\/2021\/02\/Diseno-sin-titulo-4.jpg?fit=1200%2C960&ssl=1&resize=525%2C300 1.5x, https:\/\/i0.wp.com\/paulaibanez.cl\/blog\/wp-content\/uploads\/2021\/02\/Diseno-sin-titulo-4.jpg?fit=1200%2C960&ssl=1&resize=700%2C400 2x, https:\/\/i0.wp.com\/paulaibanez.cl\/blog\/wp-content\/uploads\/2021\/02\/Diseno-sin-titulo-4.jpg?fit=1200%2C960&ssl=1&resize=1050%2C600 3x"},"classes":[]},{"id":424,"url":"https:\/\/paulaibanez.cl\/blog\/ser-lider-de-un-equipo-no-es-un-trabajo-facil-test-mindset\/","url_meta":{"origin":976,"position":5},"title":"Ser l\u00edder de un equipo, no es un trabajo f\u00e1cil: test mindset","author":"Paula Iba\u00f1ez","date":"28 agosto, 2020","format":false,"excerpt":"Ser l\u00edder de un equipo, no es un trabajo f\u00e1cil, ni para el l\u00edder ni para el equipo. Muchas veces, se pierde tiempo y energ\u00eda en conflictos innecesarios Ser l\u00edder de un equipo, no es un trabajo f\u00e1cil, ni para el l\u00edder ni para el equipo. Muchas veces, se pierde\u2026","rel":"","context":"En \u00abcoaching\u00bb","block_context":{"text":"coaching","link":"https:\/\/paulaibanez.cl\/blog\/category\/coaching\/"},"img":{"alt_text":"Ser un l\u00edder no es un trabajo f\u00e1cil","src":"https:\/\/i0.wp.com\/paulaibanez.cl\/blog\/wp-content\/uploads\/2020\/08\/Diseno-sin-titulo-9.jpg?fit=1200%2C960&ssl=1&resize=350%2C200","width":350,"height":200,"srcset":"https:\/\/i0.wp.com\/paulaibanez.cl\/blog\/wp-content\/uploads\/2020\/08\/Diseno-sin-titulo-9.jpg?fit=1200%2C960&ssl=1&resize=350%2C200 1x, https:\/\/i0.wp.com\/paulaibanez.cl\/blog\/wp-content\/uploads\/2020\/08\/Diseno-sin-titulo-9.jpg?fit=1200%2C960&ssl=1&resize=525%2C300 1.5x, https:\/\/i0.wp.com\/paulaibanez.cl\/blog\/wp-content\/uploads\/2020\/08\/Diseno-sin-titulo-9.jpg?fit=1200%2C960&ssl=1&resize=700%2C400 2x, https:\/\/i0.wp.com\/paulaibanez.cl\/blog\/wp-content\/uploads\/2020\/08\/Diseno-sin-titulo-9.jpg?fit=1200%2C960&ssl=1&resize=1050%2C600 3x"},"classes":[]}],"jetpack_likes_enabled":true,"_links":{"self":[{"href":"https:\/\/paulaibanez.cl\/blog\/wp-json\/wp\/v2\/posts\/976","targetHints":{"allow":["GET"]}}],"collection":[{"href":"https:\/\/paulaibanez.cl\/blog\/wp-json\/wp\/v2\/posts"}],"about":[{"href":"https:\/\/paulaibanez.cl\/blog\/wp-json\/wp\/v2\/types\/post"}],"author":[{"embeddable":true,"href":"https:\/\/paulaibanez.cl\/blog\/wp-json\/wp\/v2\/users\/2"}],"replies":[{"embeddable":true,"href":"https:\/\/paulaibanez.cl\/blog\/wp-json\/wp\/v2\/comments?post=976"}],"version-history":[{"count":1,"href":"https:\/\/paulaibanez.cl\/blog\/wp-json\/wp\/v2\/posts\/976\/revisions"}],"predecessor-version":[{"id":983,"href":"https:\/\/paulaibanez.cl\/blog\/wp-json\/wp\/v2\/posts\/976\/revisions\/983"}],"wp:featuredmedia":[{"embeddable":true,"href":"https:\/\/paulaibanez.cl\/blog\/wp-json\/wp\/v2\/media\/977"}],"wp:attachment":[{"href":"https:\/\/paulaibanez.cl\/blog\/wp-json\/wp\/v2\/media?parent=976"}],"wp:term":[{"taxonomy":"category","embeddable":true,"href":"https:\/\/paulaibanez.cl\/blog\/wp-json\/wp\/v2\/categories?post=976"},{"taxonomy":"post_tag","embeddable":true,"href":"https:\/\/paulaibanez.cl\/blog\/wp-json\/wp\/v2\/tags?post=976"}],"curies":[{"name":"wp","href":"https:\/\/api.w.org\/{rel}","templated":true}]}}